{"id":17521,"date":"2015-12-09T19:26:50","date_gmt":"2015-12-09T18:26:50","guid":{"rendered":"https:\/\/www.forum-soegel.de\/information\/?p=17521"},"modified":"2015-12-09T19:26:50","modified_gmt":"2015-12-09T18:26:50","slug":"nah-an-der-natur-insektenhotel-im-bewohnergarten-haus-simeon-in-sogel","status":"publish","type":"post","link":"https:\/\/www.forum-soegel.de\/information\/2015\/12\/nah-an-der-natur-insektenhotel-im-bewohnergarten-haus-simeon-in-sogel\/","title":{"rendered":"Nah an der Natur &#8211;  Insektenhotel im Bewohnergarten Haus Simeon in S\u00f6gel"},"content":{"rendered":"<p align=\"left\">S\u00f6gel &#8211; Die Naturschutzstiftung des Landkreises Emsland hat die Umsetzung des Antrages der Arbeitsgruppe \u201eBewohnergarten Haus Simeon\u201c in S\u00f6gel finanziell erm\u00f6glicht.<\/p>\n<p align=\"left\">So entstand durch die handwerkliche Eigenleistung der ehrenamtlich t\u00e4tigen Arbeitsgruppe das Insektenhotel. Auch die Gemeinde hat durch den Einsatz von Mitarbeitern und einem Kranfahrzeug das Projekt unterst\u00fctzt.<\/p>\n<p align=\"left\">So konnten bereits nach 8 Wochen die Bewohnerinnen und Bewohner der Seniorenanlage G\u00e4ste der einzelnen \u201eHotelzimmer\u201c, wie Wildbienen, Wespen, Marienk\u00e4fer oder Schmetterlinge beobachten.<\/p>\n<p align=\"left\">Die biologischen Vorteile von derartigen Einrichtungen sind unbestritten, zumal durch bautechnische und pflanzliche Ver\u00e4nderungen der Lebensraum der Insekten st\u00e4ndig verkleinert wird.<\/p>\n<p align=\"left\">So dienen die aus Naturmaterialien hergestellten \u201eHotelzimmer\u201c als \u00dcberwinterungs- und Nisthilfe. Und nicht zuletzt leisten die Insektenhotels einen nachhaltig umweltfreundlichen Beitrag zur Sch\u00e4dlingsbek\u00e4mpfung.<\/p>\n<p align=\"left\">Die Arbeitsgruppe trifft sich nun seit Mitte des Jahres w\u00f6chentlich am Donnerstag, um die g\u00e4rtnerische Pflege ehrenamtlich durchzuf\u00fchren.<\/p>\n<p align=\"left\">Bei einem Fr\u00fchst\u00fcck im G\u00e4steraum des Hauses Simeon bedankten sich die Initiatoren bei den Helfern.<\/p>\n<p align=\"left\">Text\/Foto: Klaus Sch\u00e4ffner<\/p>\n<div id=\"attachment_17522\" style=\"width: 310px\" class=\"wp-caption alignnone\"><a href=\"https:\/\/www.forum-soegel.de\/information\/wp-content\/uploads\/2015\/12\/Auch-die-Senioren-lieben-nah-an-der-Natur.jpg\"><img loading=\"lazy\" decoding=\"async\" aria-describedby=\"caption-attachment-17522\" class=\"size-medium wp-image-17522\" title=\"Auch die Senioren lieben  nah an der Natur\" src=\"https:\/\/www.forum-soegel.de\/information\/wp-content\/uploads\/2015\/12\/Auch-die-Senioren-lieben-nah-an-der-Natur-300x168.jpg\" alt=\"\" width=\"300\" height=\"168\" srcset=\"https:\/\/www.forum-soegel.de\/information\/wp-content\/uploads\/2015\/12\/Auch-die-Senioren-lieben-nah-an-der-Natur-300x168.jpg 300w, https:\/\/www.forum-soegel.de\/information\/wp-content\/uploads\/2015\/12\/Auch-die-Senioren-lieben-nah-an-der-Natur.jpg 1024w\" sizes=\"auto, (max-width: 300px) 100vw, 300px\" \/><\/a><p id=\"caption-attachment-17522\" class=\"wp-caption-text\">v.l. Andreas V\u00f6llering, Heimleiter &quot;Haus Simeon&quot;, S\u00f6gel Johannes Sievers, Pflegedienstleitung &quot;Haus Simeon&quot;, S\u00f6gel Helmut van Helt, Hans Beckering (es fehlten Hans Mayer sowie der k\u00fcrzlich verstorbene Josef Klass ) als ehrenamtliche Arbeitsgruppe Bewohnergarten \u201eHaus Simeon&quot; Heinz Helle Fachbereich Umwelt Landkreis Emsland (Naturschutzstiftung)<\/p><\/div>\n","protected":false},"excerpt":{"rendered":"S\u00f6gel &#8211; Die Naturschutzstiftung des Landkreises Emsland hat die Umsetzung des Antrages der Arbeitsgruppe \u201eBewohnergarten Haus Simeon\u201c in S\u00f6gel finanziell erm\u00f6glicht. So entstand durch die handwerkliche Eigenleistung der ehrenamtlich t\u00e4tigen Arbeitsgruppe das Insektenhotel. Auch die Gemeinde hat durch den Einsatz von Mitarbeitern und einem Kranfahrzeug das Projekt unterst\u00fctzt. So konnten bereits nach 8 Wochen die [&hellip;]\n","protected":false},"author":2,"featured_media":0,"comment_status":"closed","ping_status":"closed","sticky":false,"template":"","format":"standard","meta":{"ngg_post_thumbnail":0,"footnotes":""},"categories":[3],"tags":[],"class_list":["post-17521","post","type-post","status-publish","format-standard","hentry","category-aktuelles-aus-der-region"],"_links":{"self":[{"href":"https:\/\/www.forum-soegel.de\/information\/wp-json\/wp\/v2\/posts\/17521","targetHints":{"allow":["GET"]}}],"collection":[{"href":"https:\/\/www.forum-soegel.de\/information\/wp-json\/wp\/v2\/posts"}],"about":[{"href":"https:\/\/www.forum-soegel.de\/information\/wp-json\/wp\/v2\/types\/post"}],"author":[{"embeddable":true,"href":"https:\/\/www.forum-soegel.de\/information\/wp-json\/wp\/v2\/users\/2"}],"replies":[{"embeddable":true,"href":"https:\/\/www.forum-soegel.de\/information\/wp-json\/wp\/v2\/comments?post=17521"}],"version-history":[{"count":1,"href":"https:\/\/www.forum-soegel.de\/information\/wp-json\/wp\/v2\/posts\/17521\/revisions"}],"predecessor-version":[{"id":17523,"href":"https:\/\/www.forum-soegel.de\/information\/wp-json\/wp\/v2\/posts\/17521\/revisions\/17523"}],"wp:attachment":[{"href":"https:\/\/www.forum-soegel.de\/information\/wp-json\/wp\/v2\/media?parent=17521"}],"wp:term":[{"taxonomy":"category","embeddable":true,"href":"https:\/\/www.forum-soegel.de\/information\/wp-json\/wp\/v2\/categories?post=17521"},{"taxonomy":"post_tag","embeddable":true,"href":"https:\/\/www.forum-soegel.de\/information\/wp-json\/wp\/v2\/tags?post=17521"}],"curies":[{"name":"wp","href":"https:\/\/api.w.org\/{rel}","templated":true}]}}