{"id":17518,"date":"2015-12-09T19:24:12","date_gmt":"2015-12-09T18:24:12","guid":{"rendered":"https:\/\/www.forum-soegel.de\/information\/?p=17518"},"modified":"2015-12-09T19:24:12","modified_gmt":"2015-12-09T18:24:12","slug":"mit-plug-in-hybrid-technik-zum-automobilen-vorbild-im-bereich-%e2%80%9egreen-mobility%e2%80%9c","status":"publish","type":"post","link":"https:\/\/www.forum-soegel.de\/information\/2015\/12\/mit-plug-in-hybrid-technik-zum-automobilen-vorbild-im-bereich-%e2%80%9egreen-mobility%e2%80%9c\/","title":{"rendered":"Mit Plug-in Hybrid-Technik zum automobilen Vorbild im Bereich \u201eGreen Mobility\u201c"},"content":{"rendered":"<p>S\u00f6gel &#8211; Es ist bereits der zweite Dienstwagen, den sich die katholische Kirchengemeinde St. Jakobus S\u00f6gel mit der S\u00f6gel Marketing GmbH teilt.\u00a0 Der bisherige E-Move wurde abgel\u00f6st durch ein gr\u00f6\u00dferes und dennoch g\u00fcnstigeres Modell der Elektromobile aus dem Hause Mitsubishi. Carsten Bartels vom gleichnamigen Autohaus \u00fcberreichte in diesen Tagen einen neuen Mitsubishi Plug-in Hybrid Outlander. Die erste Tankladung erhielt er an der Stromtankstelle in der Ortsmitte von S\u00f6gel durch Leica Ruhara, Gesch\u00e4ftsf\u00fchrerin der S\u00f6gel Marketing GmbH im Beisein von Carsten Bartels, der stellvertretenden B\u00fcrgermeisterin Ulrike Hinrichs, Pfarrer Bernhard Horstmann und Michael Wigbers als Sponsor von der VGH S\u00f6gel. Horstmann freute sich \u00fcber das neue Fahrzeug: \u201eHier k\u00f6nnen wir in Kooperation mit der S\u00f6gel Marketing GmbH f\u00fcr die Nutzung von umweltfreundlichen Automobilen Werbung machen und gleichzeitig unseren Bedarf an Dienstfahrzeugen decken.\u201c Die Kirchengemeinde nutze das Auto von donnerstags bis sonntags, wenn die meisten Fahrten f\u00fcr die Messen in den verschiedenen Orten der Pfarreiengemeinschaft anliegen. Carsten Bartels erkl\u00e4rte: \u201eDer Mitsubishi Plug-in Hybrid Outlander kann in drei Betriebsarten gefahren werden. Rein elektrisch (EV-Modus) und somit absolut emissionsfrei. Im seriellen Hybrid-Modus versorgt der Benzinmotor die Fahrbatterie mit ausreichend Energie und erh\u00f6ht ihr Ladeniveau. Im parallelen Hybrid-Modus f\u00e4hrt der Mitsubishi Outlander gleichzeitig mit Verbrennungsmotor und Elektromotor und l\u00e4sst so hohe Geschwindigkeiten mit hohem Leistungsbedarf zu. Den f\u00fcr die aktuelle Fahrsituation effizientesten Fahrmodus w\u00e4hlt der Plug-in Hybrid Outlander vollautomatisch.\u201c<\/p>\n<p>Text: Ingrid Cloppenburg \/ Foto: Gemeinde S\u00f6gel<\/p>\n<div id=\"attachment_17519\" style=\"width: 310px\" class=\"wp-caption alignnone\"><a href=\"https:\/\/www.forum-soegel.de\/information\/wp-content\/uploads\/2015\/12\/Mit-Plug-in-Hybrid-Technik-zum-automobilen-Vorbild-im-Bereich-\u201eGreen-Mobility\u201c.jpg\"><img loading=\"lazy\" decoding=\"async\" aria-describedby=\"caption-attachment-17519\" class=\"size-medium wp-image-17519\" title=\"Mit Plug-in Hybrid-Technik zum automobilen Vorbild im Bereich \u201eGreen Mobility\u201c\" src=\"https:\/\/www.forum-soegel.de\/information\/wp-content\/uploads\/2015\/12\/Mit-Plug-in-Hybrid-Technik-zum-automobilen-Vorbild-im-Bereich-\u201eGreen-Mobility\u201c-300x225.jpg\" alt=\"\" width=\"300\" height=\"225\" srcset=\"https:\/\/www.forum-soegel.de\/information\/wp-content\/uploads\/2015\/12\/Mit-Plug-in-Hybrid-Technik-zum-automobilen-Vorbild-im-Bereich-\u201eGreen-Mobility\u201c-300x225.jpg 300w, https:\/\/www.forum-soegel.de\/information\/wp-content\/uploads\/2015\/12\/Mit-Plug-in-Hybrid-Technik-zum-automobilen-Vorbild-im-Bereich-\u201eGreen-Mobility\u201c.jpg 1024w\" sizes=\"auto, (max-width: 300px) 100vw, 300px\" \/><\/a><p id=\"caption-attachment-17519\" class=\"wp-caption-text\">: Der von der Gemeinde S\u00f6gel und der kath. Kirchengemeinde gemeinsam genutzte Dienstwagen wurde vom Autohaus Bartels an der Elektrotankstelle in der Ortsmitte von S\u00f6gel \u00fcbergeben. V.l. Carsten Bartels, Ulrike Hinrichs, Leica Ruhara, Bernhard Horstmann und Michael Wigbers.<\/p><\/div>\n<p>&nbsp;<\/p>\n","protected":false},"excerpt":{"rendered":"S\u00f6gel &#8211; Es ist bereits der zweite Dienstwagen, den sich die katholische Kirchengemeinde St. Jakobus S\u00f6gel mit der S\u00f6gel Marketing GmbH teilt.\u00a0 Der bisherige E-Move wurde abgel\u00f6st durch ein gr\u00f6\u00dferes und dennoch g\u00fcnstigeres Modell der Elektromobile aus dem Hause Mitsubishi. Carsten Bartels vom gleichnamigen Autohaus \u00fcberreichte in diesen Tagen einen neuen Mitsubishi Plug-in Hybrid Outlander. [&hellip;]\n","protected":false},"author":2,"featured_media":0,"comment_status":"closed","ping_status":"closed","sticky":false,"template":"","format":"standard","meta":{"ngg_post_thumbnail":0,"footnotes":""},"categories":[3],"tags":[],"class_list":["post-17518","post","type-post","status-publish","format-standard","hentry","category-aktuelles-aus-der-region"],"_links":{"self":[{"href":"https:\/\/www.forum-soegel.de\/information\/wp-json\/wp\/v2\/posts\/17518","targetHints":{"allow":["GET"]}}],"collection":[{"href":"https:\/\/www.forum-soegel.de\/information\/wp-json\/wp\/v2\/posts"}],"about":[{"href":"https:\/\/www.forum-soegel.de\/information\/wp-json\/wp\/v2\/types\/post"}],"author":[{"embeddable":true,"href":"https:\/\/www.forum-soegel.de\/information\/wp-json\/wp\/v2\/users\/2"}],"replies":[{"embeddable":true,"href":"https:\/\/www.forum-soegel.de\/information\/wp-json\/wp\/v2\/comments?post=17518"}],"version-history":[{"count":1,"href":"https:\/\/www.forum-soegel.de\/information\/wp-json\/wp\/v2\/posts\/17518\/revisions"}],"predecessor-version":[{"id":17520,"href":"https:\/\/www.forum-soegel.de\/information\/wp-json\/wp\/v2\/posts\/17518\/revisions\/17520"}],"wp:attachment":[{"href":"https:\/\/www.forum-soegel.de\/information\/wp-json\/wp\/v2\/media?parent=17518"}],"wp:term":[{"taxonomy":"category","embeddable":true,"href":"https:\/\/www.forum-soegel.de\/information\/wp-json\/wp\/v2\/categories?post=17518"},{"taxonomy":"post_tag","embeddable":true,"href":"https:\/\/www.forum-soegel.de\/information\/wp-json\/wp\/v2\/tags?post=17518"}],"curies":[{"name":"wp","href":"https:\/\/api.w.org\/{rel}","templated":true}]}}