{"id":17511,"date":"2015-12-09T19:20:40","date_gmt":"2015-12-09T18:20:40","guid":{"rendered":"https:\/\/www.forum-soegel.de\/information\/?p=17511"},"modified":"2015-12-09T19:20:40","modified_gmt":"2015-12-09T18:20:40","slug":"feuerwehrleute-aus-der-samtgemeinde-sogel-trainierten-bei-uber-800-grad-celsius","status":"publish","type":"post","link":"https:\/\/www.forum-soegel.de\/information\/2015\/12\/feuerwehrleute-aus-der-samtgemeinde-sogel-trainierten-bei-uber-800-grad-celsius\/","title":{"rendered":"Feuerwehrleute aus der Samtgemeinde S\u00f6gel trainierten bei \u00fcber 800 Grad Celsius"},"content":{"rendered":"<p>S\u00f6gel &#8211; Aus den Freiwilligen Feuerwehren S\u00f6gel, Ber\u00dfen, B\u00f6rger, Spahnharrenst\u00e4tte und Werpeloh nahmen15 Atemschutzger\u00e4tetr\u00e4ger im Zentrum f\u00fcr Brand- und Explosionsschutz der Firma DMT in \u00a0Dortmund\u00a0 an einem Realbrandtraining teil. DMT ist weltweit t\u00e4tig und unterh\u00e4lt auch in Lathen einen Firmenzweig, der sich mit Brandschutzthemen befasst.<\/p>\n<p>Ziel dieses anspruchsvollen Trainings war es, den Teilnehmern unter realen Bedingungen zu zeigen, welchen Brand- und Hitzeauswirkungen ihre moderne Schutzausr\u00fcstung standh\u00e4lt. Au\u00dferdem sollte ihnen ein Sicherheitsgef\u00fchl vermittelt werden und die richtige Anwendung von L\u00f6schmethoden mit Hohlstrahlrohren gezeigt werden. Die Atemschutzger\u00e4tetr\u00e4ger wurden durch die Trainer der DMT in die Anlage eingewiesen und der effektive Einsatz des Hohlstrahlrohres gezeigt.<\/p>\n<p>Dann stand die Brandgew\u00f6hnung in den feststoffbefeuerten Brandstollen an, der an eine Rauchgasreinigung angeschlossen ist. Dadurch war es m\u00f6glich, die verschiedensten realen Brandsituationen darzustellen, ohne die Umwelt zu belasten. Hier wurde zusammen mit den Trainern ein Palettenstapel mit diversen Autoreifen entz\u00fcndet. Die Teilnehmer wurden nun gezielt an die bis zu 800 Grad Celsius hei\u00dfen Rauchgase mit den entsprechenden Sichtverh\u00e4ltnissen (Nullsicht) gew\u00f6hnt. Im Anschluss wurden dann die zuvor gelernten L\u00f6schmethoden umgesetzt. Die Trainer der DMT, die hauptberuflich bei der Berufsfeuerwehr arbeiten, gaben sehr viele praktische Tipps.<\/p>\n<p>Im zweiten Ausbildungsabschnitt wurden den Trainingsteilnehmern unter realen Bedingungen die Entstehungsphasen des Flash-Overs (Feuer\u00fcberschlag nach Durchz\u00fcndung) demonstriert. Sie lernten, durch den Einsatz des Hohlstrahlrohres Durchz\u00fcndung zu verhindern und die Auswirkung von L\u00f6schfehlern zu erfahren.<\/p>\n<p>Die Teilnehmer stellten w\u00e4hrend dieser \u201eHei\u00df-Ausbildung\u201c fest, dass ihre Schutzausr\u00fcstung sehr gut ist und durchaus einer Durchz\u00fcndung standh\u00e4lt. Sie sammelten wichtige Erfahrungen und gingen mit einem hohen Sicherheitsgef\u00fchl durch das Training. Zuk\u00fcnftig k\u00f6nnen sie diese Erfahrungen im Einsatzfall nutzen, um sicher, konzentriert und effektiv Personen und Sachwerte zu sch\u00fctzen, so die einhellige Meinung der Teilnehmer.<\/p>\n<p>Dieses Realtraining war durch Vermittlung des Ber\u00dfener Feuerwehrmitglieds und DMT-Mitarbeiters Uwe Herbers m\u00f6glich geworden. An den Kosten des Trainings beteiligten sich\u00a0 Samtgemeinde S\u00f6gel, die Raiffeisenbank Emsland-Mitte,\u00a0 die Volksbank Nordh\u00fcmmling\u00a0 und die jeweiligen F\u00f6rdervereine der teilnehmenden Ortsfeuerwehren.<\/p>\n<p>Text: LB \/ Foto: Feuerwehr<\/p>\n<div id=\"attachment_17512\" style=\"width: 310px\" class=\"wp-caption alignnone\"><a href=\"https:\/\/www.forum-soegel.de\/information\/wp-content\/uploads\/2015\/12\/Feuerwehrleute-aus-der-Samtgemeinde-S\u00f6gel-trainierten-bei-\u00fcber-800-Grad-Celsius1.jpg\"><img loading=\"lazy\" decoding=\"async\" aria-describedby=\"caption-attachment-17512\" class=\"size-medium wp-image-17512\" title=\"Feuerwehrleute aus der Samtgemeinde S\u00f6gel trainierten bei \u00fcber 800 Grad Celsius1\" src=\"https:\/\/www.forum-soegel.de\/information\/wp-content\/uploads\/2015\/12\/Feuerwehrleute-aus-der-Samtgemeinde-S\u00f6gel-trainierten-bei-\u00fcber-800-Grad-Celsius1-300x225.jpg\" alt=\"\" width=\"300\" height=\"225\" srcset=\"https:\/\/www.forum-soegel.de\/information\/wp-content\/uploads\/2015\/12\/Feuerwehrleute-aus-der-Samtgemeinde-S\u00f6gel-trainierten-bei-\u00fcber-800-Grad-Celsius1-300x225.jpg 300w, https:\/\/www.forum-soegel.de\/information\/wp-content\/uploads\/2015\/12\/Feuerwehrleute-aus-der-Samtgemeinde-S\u00f6gel-trainierten-bei-\u00fcber-800-Grad-Celsius1.jpg 1024w\" sizes=\"auto, (max-width: 300px) 100vw, 300px\" \/><\/a><p id=\"caption-attachment-17512\" class=\"wp-caption-text\">1) An einem erlebnis- und erfahrungsreichen Realtrainung in Dortmund nahmen 15 Atemschutzger\u00e4tetr\u00e4ger aus den Feuerwehren der Samtgemeinde S\u00f6gel teil.<\/p><\/div>\n<div id=\"attachment_17513\" style=\"width: 310px\" class=\"wp-caption alignnone\"><a href=\"https:\/\/www.forum-soegel.de\/information\/wp-content\/uploads\/2015\/12\/Feuerwehrleute-aus-der-Samtgemeinde-S\u00f6gel-trainierten-bei-\u00fcber-800-Grad-Celsius2.jpg\"><img loading=\"lazy\" decoding=\"async\" aria-describedby=\"caption-attachment-17513\" class=\"size-medium wp-image-17513\" title=\"Feuerwehrleute aus der Samtgemeinde S\u00f6gel trainierten bei \u00fcber 800 Grad Celsius2\" src=\"https:\/\/www.forum-soegel.de\/information\/wp-content\/uploads\/2015\/12\/Feuerwehrleute-aus-der-Samtgemeinde-S\u00f6gel-trainierten-bei-\u00fcber-800-Grad-Celsius2-300x199.jpg\" alt=\"\" width=\"300\" height=\"199\" srcset=\"https:\/\/www.forum-soegel.de\/information\/wp-content\/uploads\/2015\/12\/Feuerwehrleute-aus-der-Samtgemeinde-S\u00f6gel-trainierten-bei-\u00fcber-800-Grad-Celsius2-300x199.jpg 300w, https:\/\/www.forum-soegel.de\/information\/wp-content\/uploads\/2015\/12\/Feuerwehrleute-aus-der-Samtgemeinde-S\u00f6gel-trainierten-bei-\u00fcber-800-Grad-Celsius2.jpg 1024w\" sizes=\"auto, (max-width: 300px) 100vw, 300px\" \/><\/a><p id=\"caption-attachment-17513\" class=\"wp-caption-text\">2) Die Echt\u00fcbungen fanden unter gro\u00dfer Hitze stand und stellten hohe Anspr\u00fcche an die Feuerwehrleute und ihre Ausr\u00fcstung.<\/p><\/div>\n<p>&nbsp;<\/p>\n","protected":false},"excerpt":{"rendered":"S\u00f6gel &#8211; Aus den Freiwilligen Feuerwehren S\u00f6gel, Ber\u00dfen, B\u00f6rger, Spahnharrenst\u00e4tte und Werpeloh nahmen15 Atemschutzger\u00e4tetr\u00e4ger im Zentrum f\u00fcr Brand- und Explosionsschutz der Firma DMT in \u00a0Dortmund\u00a0 an einem Realbrandtraining teil. DMT ist weltweit t\u00e4tig und unterh\u00e4lt auch in Lathen einen Firmenzweig, der sich mit Brandschutzthemen befasst. Ziel dieses anspruchsvollen Trainings war es, den Teilnehmern unter realen [&hellip;]\n","protected":false},"author":2,"featured_media":0,"comment_status":"closed","ping_status":"closed","sticky":false,"template":"","format":"standard","meta":{"ngg_post_thumbnail":0,"footnotes":""},"categories":[3],"tags":[],"class_list":["post-17511","post","type-post","status-publish","format-standard","hentry","category-aktuelles-aus-der-region"],"_links":{"self":[{"href":"https:\/\/www.forum-soegel.de\/information\/wp-json\/wp\/v2\/posts\/17511","targetHints":{"allow":["GET"]}}],"collection":[{"href":"https:\/\/www.forum-soegel.de\/information\/wp-json\/wp\/v2\/posts"}],"about":[{"href":"https:\/\/www.forum-soegel.de\/information\/wp-json\/wp\/v2\/types\/post"}],"author":[{"embeddable":true,"href":"https:\/\/www.forum-soegel.de\/information\/wp-json\/wp\/v2\/users\/2"}],"replies":[{"embeddable":true,"href":"https:\/\/www.forum-soegel.de\/information\/wp-json\/wp\/v2\/comments?post=17511"}],"version-history":[{"count":1,"href":"https:\/\/www.forum-soegel.de\/information\/wp-json\/wp\/v2\/posts\/17511\/revisions"}],"predecessor-version":[{"id":17514,"href":"https:\/\/www.forum-soegel.de\/information\/wp-json\/wp\/v2\/posts\/17511\/revisions\/17514"}],"wp:attachment":[{"href":"https:\/\/www.forum-soegel.de\/information\/wp-json\/wp\/v2\/media?parent=17511"}],"wp:term":[{"taxonomy":"category","embeddable":true,"href":"https:\/\/www.forum-soegel.de\/information\/wp-json\/wp\/v2\/categories?post=17511"},{"taxonomy":"post_tag","embeddable":true,"href":"https:\/\/www.forum-soegel.de\/information\/wp-json\/wp\/v2\/tags?post=17511"}],"curies":[{"name":"wp","href":"https:\/\/api.w.org\/{rel}","templated":true}]}}