{"id":17507,"date":"2015-12-09T19:18:18","date_gmt":"2015-12-09T18:18:18","guid":{"rendered":"https:\/\/www.forum-soegel.de\/information\/?p=17507"},"modified":"2015-12-09T19:18:18","modified_gmt":"2015-12-09T18:18:18","slug":"jugendfeuerwehr-sogel-mit-tempo-und-teamgeist-zur-leistungsspange","status":"publish","type":"post","link":"https:\/\/www.forum-soegel.de\/information\/2015\/12\/jugendfeuerwehr-sogel-mit-tempo-und-teamgeist-zur-leistungsspange\/","title":{"rendered":"Jugendfeuerwehr S\u00f6gel mit Tempo und Teamgeist zur Leistungsspange"},"content":{"rendered":"<p><a href=\"https:\/\/www.forum-soegel.de\/information\/wp-content\/uploads\/2015\/12\/Jugendfeuerwehr-S\u00f6gel-mit-Tempo-und-Teamgeist-zur-Leistungsspange1.jpg\"><img loading=\"lazy\" decoding=\"async\" class=\"alignleft size-medium wp-image-17508\" title=\"Jugendfeuerwehr S\u00f6gel mit Tempo und Teamgeist zur Leistungsspange1\" src=\"https:\/\/www.forum-soegel.de\/information\/wp-content\/uploads\/2015\/12\/Jugendfeuerwehr-S\u00f6gel-mit-Tempo-und-Teamgeist-zur-Leistungsspange1-300x168.jpg\" alt=\"\" width=\"300\" height=\"168\" srcset=\"https:\/\/www.forum-soegel.de\/information\/wp-content\/uploads\/2015\/12\/Jugendfeuerwehr-S\u00f6gel-mit-Tempo-und-Teamgeist-zur-Leistungsspange1-300x168.jpg 300w, https:\/\/www.forum-soegel.de\/information\/wp-content\/uploads\/2015\/12\/Jugendfeuerwehr-S\u00f6gel-mit-Tempo-und-Teamgeist-zur-Leistungsspange1.jpg 1024w\" sizes=\"auto, (max-width: 300px) 100vw, 300px\" \/><\/a>S\u00f6gel &#8211; Monate f\u00fcr diesen Tag ge\u00fcbt haben die Mitglieder der Leistungsspangen-Gruppe der Jugendfeuerwehr (Jf) S\u00f6gel. \u00a0Die Abnahme fand im Marschweg-Stadion\u00a0 Oldenburg statt.<\/p>\n<p>Zusammen mit 32 Gruppen (rund 250 Jugendliche) zeigten sie dann ihr K\u00f6nnen in verschiedenen \u00dcbungen. \u201eAlle oder keiner\u201c ist dabei das Motto des Wettbewerbes. Es z\u00e4hlt allein die Leistung der Gruppe, da Teamgeist, gegenseitiges Vertrauen und Kameradschaft auch die Grundvoraussetzungen f\u00fcr die sp\u00e4tere Arbeit in den Einsatzabteilungen einer Feuerwehr sind. Die Gruppe besteht aus neun Jugendlichen, die f\u00fcnf \u00dcbungen absolvieren m\u00fcssen. Neben der Schnelligkeit (fehlerfreies Kuppeln von acht Schl\u00e4uchen in unter einer Minute), dem Kugelsto\u00dfen \u00fcber eine Distanz von mindestens 55 Meter, einem Staffellauf \u00fcber 1.500 Meter in unter vier Minuten und einer einstudierten L\u00f6sch\u00fcbung nach der Feuerwehrdienstvorschrift drei sind auch Fragen zur Gesellschafts- und Jugendpolitik sowie rund um die Feuerwehr zu beantworten. Bewertet wird aber auch die pers\u00f6nliche Haltung, geordnetes und geschlossenes Auftreten.<\/p>\n<p>Neben der S\u00f6geler Gruppe erhielten 28 weitere Jugendgruppen die Leistungsspange, die h\u00f6chste Auszeichnung eines Jugendfeuerwehrmitglieds. Aus dem Emsland schafften auch die Gruppen aus\u00a0\u00a0 Baccum, Gersten, Meppen und Messingen\u00a0 die Abnahme.\u00a0 \u201eBis zu diesem Ziel war es ein langer und manchmal auch beschwerlicher Weg\u201c, war von den Jugendlichen hinsichtlich der langen intensiven Zeit des Vorbereitens zu h\u00f6ren. Am Ende zeigten sich die 15 bis 18 Jahre alten Brandsch\u00fctzer erleichtert, da sie die Erfolge ihrer Bem\u00fchungen ernten konnten und nun das begehrte Abzeichen voller Stolz tragen d\u00fcrfen.<\/p>\n<p>Ein gro\u00dfer Dank galt am Ende auch allen Ausbildern, solche Erfolge sind nicht ohne engagierte Jugendbetreuer zu erzielen.<\/p>\n<p>Text\/Foto: Jugendfeuerwehr<\/p>\n<p><a href=\"https:\/\/www.forum-soegel.de\/information\/wp-content\/uploads\/2015\/12\/Jugendfeuerwehr-S\u00f6gel-mit-Tempo-und-Teamgeist-zur-Leistungsspange2.jpg\"><img loading=\"lazy\" decoding=\"async\" class=\"alignnone size-medium wp-image-17509\" title=\"Jugendfeuerwehr S\u00f6gel mit Tempo und Teamgeist zur Leistungsspange2\" src=\"https:\/\/www.forum-soegel.de\/information\/wp-content\/uploads\/2015\/12\/Jugendfeuerwehr-S\u00f6gel-mit-Tempo-und-Teamgeist-zur-Leistungsspange2-300x168.jpg\" alt=\"\" width=\"300\" height=\"168\" srcset=\"https:\/\/www.forum-soegel.de\/information\/wp-content\/uploads\/2015\/12\/Jugendfeuerwehr-S\u00f6gel-mit-Tempo-und-Teamgeist-zur-Leistungsspange2-300x168.jpg 300w, https:\/\/www.forum-soegel.de\/information\/wp-content\/uploads\/2015\/12\/Jugendfeuerwehr-S\u00f6gel-mit-Tempo-und-Teamgeist-zur-Leistungsspange2.jpg 1024w\" sizes=\"auto, (max-width: 300px) 100vw, 300px\" \/><\/a><\/p>\n","protected":false},"excerpt":{"rendered":"S\u00f6gel &#8211; Monate f\u00fcr diesen Tag ge\u00fcbt haben die Mitglieder der Leistungsspangen-Gruppe der Jugendfeuerwehr (Jf) S\u00f6gel. \u00a0Die Abnahme fand im Marschweg-Stadion\u00a0 Oldenburg statt. Zusammen mit 32 Gruppen (rund 250 Jugendliche) zeigten sie dann ihr K\u00f6nnen in verschiedenen \u00dcbungen. \u201eAlle oder keiner\u201c ist dabei das Motto des Wettbewerbes. Es z\u00e4hlt allein die Leistung der Gruppe, da [&hellip;]\n","protected":false},"author":2,"featured_media":0,"comment_status":"closed","ping_status":"closed","sticky":false,"template":"","format":"standard","meta":{"ngg_post_thumbnail":0,"footnotes":""},"categories":[3],"tags":[],"class_list":["post-17507","post","type-post","status-publish","format-standard","hentry","category-aktuelles-aus-der-region"],"_links":{"self":[{"href":"https:\/\/www.forum-soegel.de\/information\/wp-json\/wp\/v2\/posts\/17507","targetHints":{"allow":["GET"]}}],"collection":[{"href":"https:\/\/www.forum-soegel.de\/information\/wp-json\/wp\/v2\/posts"}],"about":[{"href":"https:\/\/www.forum-soegel.de\/information\/wp-json\/wp\/v2\/types\/post"}],"author":[{"embeddable":true,"href":"https:\/\/www.forum-soegel.de\/information\/wp-json\/wp\/v2\/users\/2"}],"replies":[{"embeddable":true,"href":"https:\/\/www.forum-soegel.de\/information\/wp-json\/wp\/v2\/comments?post=17507"}],"version-history":[{"count":1,"href":"https:\/\/www.forum-soegel.de\/information\/wp-json\/wp\/v2\/posts\/17507\/revisions"}],"predecessor-version":[{"id":17510,"href":"https:\/\/www.forum-soegel.de\/information\/wp-json\/wp\/v2\/posts\/17507\/revisions\/17510"}],"wp:attachment":[{"href":"https:\/\/www.forum-soegel.de\/information\/wp-json\/wp\/v2\/media?parent=17507"}],"wp:term":[{"taxonomy":"category","embeddable":true,"href":"https:\/\/www.forum-soegel.de\/information\/wp-json\/wp\/v2\/categories?post=17507"},{"taxonomy":"post_tag","embeddable":true,"href":"https:\/\/www.forum-soegel.de\/information\/wp-json\/wp\/v2\/tags?post=17507"}],"curies":[{"name":"wp","href":"https:\/\/api.w.org\/{rel}","templated":true}]}}