{"id":17503,"date":"2015-12-09T19:16:35","date_gmt":"2015-12-09T18:16:35","guid":{"rendered":"https:\/\/www.forum-soegel.de\/information\/?p=17503"},"modified":"2015-12-09T19:16:35","modified_gmt":"2015-12-09T18:16:35","slug":"ehemalige-jugendherberge-dient-schon-bald-als-fluchtlingsunterkunft","status":"publish","type":"post","link":"https:\/\/www.forum-soegel.de\/information\/2015\/12\/ehemalige-jugendherberge-dient-schon-bald-als-fluchtlingsunterkunft\/","title":{"rendered":"Ehemalige Jugendherberge dient schon bald als Fl\u00fcchtlingsunterkunft"},"content":{"rendered":"<p>B\u00f6rger &#8211; Die Gemeinde B\u00f6rger hatte gemeinsam mit der Kath. Kirchengemeinde St. Jodocus zu einem Aktionstreffen eingeladen. Anliegen der beiden Institutionen war es, B\u00fcrger zu ermutigen, sich an der Fl\u00fcchtlingshilfe zu beteiligen, insbesondere im Hinblick auf die soziale Integration und den Spracherwerb der Fl\u00fcchtlinge. Dabei stie\u00dfen sie auf ein gro\u00dfes Interesse sowie eine stark ausgepr\u00e4gte Hilfsbereitschaft in der Bev\u00f6lkerung. Das Heimathaus in B\u00f6rger war bis auf dem letzten Platz besetzt.<\/p>\n<p>Stellvertretender B\u00fcrgermeister Ansgar Kossen stellte zu Beginn fest: \u201eDas aktuell beherrschende Thema in den Medien ist der immense Zuzug von Fl\u00fcchtlingen, welche in ihrer Heimat Armut, Krieg, Terror und Verfolgung ausgesetzt sind. Diese gro\u00dfe Zahl an Schutzsuchenden stellt unsere Gesellschaft vor eine Herausforderung, welche wir vor Ort gemeinsam anpacken sollten. Auch die Gemeinde B\u00f6rger ist angesprochen, Obdach bereitzustellen. Sie wird aufgrund des akuten Wohnraumbedarfs das ehemalige Jugendg\u00e4stehaus, zun\u00e4chst befristet f\u00fcr ein Jahr, als Unterkunft zur Verf\u00fcgung stellen.\u201c<\/p>\n<p>Seitens der Samtgemeinde S\u00f6gel informierte B\u00fcrgermeister G\u00fcnter Wigbers, dass zurzeit in B\u00f6rger 23 Fl\u00fcchtlinge dezentral untergebracht seien. Noch im Monat November w\u00fcrden bis zu sechs Schutzsuchende in der ehemaligen Wohnung der Herbergseltern untergebracht. Ab Anfang Dezember k\u00f6nnen dann im ehemaligen Jugendg\u00e4stehaus bis zu 30 Personen untergebracht werden. Mit Hermann Schmitz aus B\u00f6rger hat die Samtgemeinde S\u00f6gel eine Person gefunden, die k\u00fcnftig als Ansprechpartner f\u00fcr die neuen Bewohner des Jugendg\u00e4stehauses zur Verf\u00fcgung stehen will.<\/p>\n<p>Vorgestellt wurde im weiteren Verlauf der Sitzung der neue Fl\u00fcchtlingsbeauftragte der Samtgemeinde S\u00f6gel, Johannes Brachem. Er berichtete \u00fcber erste Aktionen. So starte im Dezember die KEB in S\u00f6gel einen Sprachkurs f\u00fcr 20 Personen. \u201eSprache ist der Schl\u00fcssel zur Integration. Die deutsche Sprache vermitteln kann de facto jeder \u2013 nicht nur durch Frontalunterricht, sondern durch einfache Alltagsbegleitung, z. B. gemeinsames Einkaufen\u201c, forderte Brachem zum Ehrenamt auf.<\/p>\n<p>Im Heimathaus vertreten waren auch Vertreter vieler B\u00f6rgeraner Vereine. Zahlreiche Ideen wurden er\u00f6rtert. Beispielsweise sollen \u00a0\u201eStarterpakete\u201c f\u00fcr die Fl\u00fcchtlinge zur Verf\u00fcgung gestellt werden. Die Idee der Alltagspaten vor Ort sowie die Unterst\u00fctzung bei Beh\u00f6rdeng\u00e4ngen wurde aufgegriffen und diskutiert.<\/p>\n<p>Stellvertretender B\u00fcrgermeister Ansgar Kossen schloss die Sitzung mit einem Ausblick auf die Zukunft: \u201eAlle jetzt Anwesenden werden direkt zum n\u00e4chsten Treffen eingeladen. Dort werden Handlungsgruppen wie \u201eSprache&#8220;, \u201eBegegnung&#8220; und weitere gegr\u00fcndet. Au\u00dferdem werden alle Haushalte erneut per Infobrief informiert, sodass jeder jederzeit noch mitaufsteigen und mitmachen kann.\u201c<\/p>\n<p>Bildunterschrift: Zahlreiche G\u00e4ste hatten sich auf Einladung der kath. Kirchengemeinde und der Gemeinde B\u00f6rger im Heimathaus eingefunden, um \u00fcber die ehrenamtliche Fl\u00fcchtlingshilfe zu beraten.<\/p>\n<p>Text: Ingrid Cloppenburg \/ Foto: Samtgemeinde S\u00f6gel<\/p>\n<p><a href=\"https:\/\/www.forum-soegel.de\/information\/wp-content\/uploads\/2015\/12\/Ehemalige-Jugendherberge-dient-schon-bald-als-Fl\u00fcchtlingsunterkunft1.jpg\"><img loading=\"lazy\" decoding=\"async\" class=\"alignnone size-thumbnail wp-image-17504\" title=\"Ehemalige Jugendherberge dient schon bald als Fl\u00fcchtlingsunterkunft1\" src=\"https:\/\/www.forum-soegel.de\/information\/wp-content\/uploads\/2015\/12\/Ehemalige-Jugendherberge-dient-schon-bald-als-Fl\u00fcchtlingsunterkunft1-150x150.jpg\" alt=\"\" width=\"150\" height=\"150\" \/><\/a>\u00a0\u00a0<a href=\"https:\/\/www.forum-soegel.de\/information\/wp-content\/uploads\/2015\/12\/Ehemalige-Jugendherberge-dient-schon-bald-als-Fl\u00fcchtlingsunterkunft2.jpg\"><img loading=\"lazy\" decoding=\"async\" class=\"alignnone size-thumbnail wp-image-17505\" title=\"Ehemalige Jugendherberge dient schon bald als Fl\u00fcchtlingsunterkunft2\" src=\"https:\/\/www.forum-soegel.de\/information\/wp-content\/uploads\/2015\/12\/Ehemalige-Jugendherberge-dient-schon-bald-als-Fl\u00fcchtlingsunterkunft2-150x150.jpg\" alt=\"\" width=\"150\" height=\"150\" \/><\/a><\/p>\n","protected":false},"excerpt":{"rendered":"B\u00f6rger &#8211; Die Gemeinde B\u00f6rger hatte gemeinsam mit der Kath. Kirchengemeinde St. Jodocus zu einem Aktionstreffen eingeladen. Anliegen der beiden Institutionen war es, B\u00fcrger zu ermutigen, sich an der Fl\u00fcchtlingshilfe zu beteiligen, insbesondere im Hinblick auf die soziale Integration und den Spracherwerb der Fl\u00fcchtlinge. Dabei stie\u00dfen sie auf ein gro\u00dfes Interesse sowie eine stark ausgepr\u00e4gte [&hellip;]\n","protected":false},"author":2,"featured_media":0,"comment_status":"closed","ping_status":"closed","sticky":false,"template":"","format":"standard","meta":{"ngg_post_thumbnail":0,"footnotes":""},"categories":[3],"tags":[],"class_list":["post-17503","post","type-post","status-publish","format-standard","hentry","category-aktuelles-aus-der-region"],"_links":{"self":[{"href":"https:\/\/www.forum-soegel.de\/information\/wp-json\/wp\/v2\/posts\/17503","targetHints":{"allow":["GET"]}}],"collection":[{"href":"https:\/\/www.forum-soegel.de\/information\/wp-json\/wp\/v2\/posts"}],"about":[{"href":"https:\/\/www.forum-soegel.de\/information\/wp-json\/wp\/v2\/types\/post"}],"author":[{"embeddable":true,"href":"https:\/\/www.forum-soegel.de\/information\/wp-json\/wp\/v2\/users\/2"}],"replies":[{"embeddable":true,"href":"https:\/\/www.forum-soegel.de\/information\/wp-json\/wp\/v2\/comments?post=17503"}],"version-history":[{"count":1,"href":"https:\/\/www.forum-soegel.de\/information\/wp-json\/wp\/v2\/posts\/17503\/revisions"}],"predecessor-version":[{"id":17506,"href":"https:\/\/www.forum-soegel.de\/information\/wp-json\/wp\/v2\/posts\/17503\/revisions\/17506"}],"wp:attachment":[{"href":"https:\/\/www.forum-soegel.de\/information\/wp-json\/wp\/v2\/media?parent=17503"}],"wp:term":[{"taxonomy":"category","embeddable":true,"href":"https:\/\/www.forum-soegel.de\/information\/wp-json\/wp\/v2\/categories?post=17503"},{"taxonomy":"post_tag","embeddable":true,"href":"https:\/\/www.forum-soegel.de\/information\/wp-json\/wp\/v2\/tags?post=17503"}],"curies":[{"name":"wp","href":"https:\/\/api.w.org\/{rel}","templated":true}]}}