{"id":17497,"date":"2015-12-09T19:13:31","date_gmt":"2015-12-09T18:13:31","guid":{"rendered":"https:\/\/www.forum-soegel.de\/information\/?p=17497"},"modified":"2015-12-09T19:13:31","modified_gmt":"2015-12-09T18:13:31","slug":"hummlinger-kleiderstubchen-fluchtlingsbeauftragter-zeigte-sich-beeindruckt-vom-angebot","status":"publish","type":"post","link":"https:\/\/www.forum-soegel.de\/information\/2015\/12\/hummlinger-kleiderstubchen-fluchtlingsbeauftragter-zeigte-sich-beeindruckt-vom-angebot\/","title":{"rendered":"H\u00fcmmlinger Kleiderst\u00fcbchen: Fl\u00fcchtlingsbeauftragter zeigte sich beeindruckt vom Angebot"},"content":{"rendered":"<p style=\"text-align: left;\" align=\"center\"><strong>Der Malteser bittet um gezielte Kleiderspende<\/strong><\/p>\n<p>S\u00f6gel &#8211; Der F\u00fchrungskreis der Malteser H\u00fcmmling informierte den neuen Fl\u00fcchtlingsbeauftragten der Samtgemeinde S\u00f6gel Johannes Brachem und Julia Olges vom Fachbereich Soziales \u00fcber die Organisation einer Kleiderkammer, von Annahme der Spenden bis zur Pr\u00e4sentation\u00a0 im \u201eH\u00fcmmlinger Kleiderst\u00fcbchen\u201c. So wird die nachhaltige Wiederverwendung von Waren zu Gunsten von sozial Schwachen gew\u00e4hrleistet, betonte die Dienststellenleitung Rita Hagenhoff.<\/p>\n<p>Weiterhin ist die F\u00f6rderung ehrenamtlichen Engagements sowie die Qualifizierung und Besch\u00e4ftigung von Menschen mit wirtschaftlichen oder sozialen Problemen f\u00fcr den Verein wichtig. Eine ehrenamtliche Mitarbeiterin und 3 weitere Mitarbeiter sind in diesem Bereich besch\u00e4ftigt mit dem Ziel der Integration in den Arbeitsmarkt. Auch Fl\u00fcchtlinge sollen k\u00fcnftig f\u00fcr diesen Dienst gewonnen werden. Brachem zeigte sich beeindruckt von dem reichhaltigen Angebot im H\u00fcmmlinger Kleiderst\u00fcbchen. \u201eEs ist gut, dass dieses Angebot schon besteht. F\u00fcr die Fl\u00fcchtlinge wird es sehr hilfreich sein.\u201c<\/p>\n<p>Nach einem Aufruf\u00a0 ist die Kleiderkammer der Malteser in S\u00f6gel in den letzten Tagen reichlich mit Kleiderspenden versorgt worden, wof\u00fcr sich das Team ganz herzlich bedankt. Aufgrund einer begrenzten Ladengr\u00f6\u00dfe und Lager bittet der Malteser H\u00fcmmling jetzt nochmals um dringend ben\u00f6tigte Winterkleidung, besonders f\u00fcr Jugendliche, M\u00e4nner und Kinder (alle Gr\u00f6\u00dfen) sowie spezieller Hausrat (T\u00f6pfe, Geschirr). Der Malteser H\u00fcmmling unterst\u00fctzt zus\u00e4tzlich den Krisenstab Fl\u00fcchtlingshilfe des Landkreises Emsland und beliefert die Notunterk\u00fcnfte auf Anforderung mit warmer Winterkleidung.<\/p>\n<p>Seit 10 Jahren\u00a0 betreiben die Malteser in S\u00f6gel die Kleiderkammer, das \u201eH\u00fcmmlinger Kleiderst\u00fcbchen\u201c.\u00a0 Seit 2009 ist die Kleiderkammer in der Ulmenstra\u00dfe 8 in S\u00f6gel untergebracht. Inzwischen hat sich langsam ein soziales Kaufhaus hat sich daraus entwickelt. Hier lagern, ordentlich sortiert und gestapelt, Kleider, Bettw\u00e4sche, Schuhe und Haushaltsger\u00e4te in\u00a0 den Regalen. In diesem Jahr hat der Malteser im Rahmen der Umbauma\u00dfnahmen die Ladenfl\u00e4che vergr\u00f6\u00dfert.<\/p>\n<p>Nach Beendigung der Umbauma\u00dfnahmen laden die Malteser alle Interessierten zu einem \u201eTAG der offenen T\u00fcr\u201c am Sonntag, dem 29. November ein.<\/p>\n<p>Das \u201eH\u00fcmmlinger Kleiderst\u00fcbchen\u201c ist wochentags von 9.00 bis 13.00 Uhr und zus\u00e4tzlich donnerstags von 14.00 \u2013 17 Uhr ge\u00f6ffnet. Die Malteser nehmen Kleidung und kleine Haushaltsartikel zu den \u00d6ffnungszeiten an.<\/p>\n<p>AUSKUNFT: Malteser Hilfsdienst H\u00fcmmling Tel.: 05952-9120<\/p>\n<p>Text: Ingrid Cloppenburg \/ Foto: Samtgemeinde S\u00f6gel<\/p>\n<div id=\"attachment_17498\" style=\"width: 310px\" class=\"wp-caption alignnone\"><a href=\"https:\/\/www.forum-soegel.de\/information\/wp-content\/uploads\/2015\/12\/H\u00fcmmlinger-Kleiderst\u00fcbchen-Fl\u00fcchtlingsbeauftragter-zeigte-sich-beeindruckt-vom-Angebot.jpg\"><img loading=\"lazy\" decoding=\"async\" aria-describedby=\"caption-attachment-17498\" class=\"size-medium wp-image-17498\" title=\"H\u00fcmmlinger Kleiderst\u00fcbchen Fl\u00fcchtlingsbeauftragter zeigte sich beeindruckt vom Angebot\" src=\"https:\/\/www.forum-soegel.de\/information\/wp-content\/uploads\/2015\/12\/H\u00fcmmlinger-Kleiderst\u00fcbchen-Fl\u00fcchtlingsbeauftragter-zeigte-sich-beeindruckt-vom-Angebot-300x173.jpg\" alt=\"\" width=\"300\" height=\"173\" srcset=\"https:\/\/www.forum-soegel.de\/information\/wp-content\/uploads\/2015\/12\/H\u00fcmmlinger-Kleiderst\u00fcbchen-Fl\u00fcchtlingsbeauftragter-zeigte-sich-beeindruckt-vom-Angebot-300x173.jpg 300w, https:\/\/www.forum-soegel.de\/information\/wp-content\/uploads\/2015\/12\/H\u00fcmmlinger-Kleiderst\u00fcbchen-Fl\u00fcchtlingsbeauftragter-zeigte-sich-beeindruckt-vom-Angebot.jpg 1024w\" sizes=\"auto, (max-width: 300px) 100vw, 300px\" \/><\/a><p id=\"caption-attachment-17498\" class=\"wp-caption-text\">: Die Mitglieder des F\u00fchrungskreises des Malteser H\u00fcmmlings Hermann Schmitz (stellv. Ortsbeauftragter) , Rita Hagenhoff (Dienststellenleitung) , Pfarrer Bernhard Horstmann (Pr\u00e4ses), Olaf Kruithoff (Ortsbeauftragter) , Klaus-Dieter Schmitz, Sonja Kruithoff, Monika Ahaus informierten Johannes Brachem und Julia Olges von der Samtgemeinde S\u00f6gel \u00fcber den Betrieb der Kleiderkammer sowie \u00fcber den aktuellen Bedarf.<\/p><\/div>\n","protected":false},"excerpt":{"rendered":"Der Malteser bittet um gezielte Kleiderspende S\u00f6gel &#8211; Der F\u00fchrungskreis der Malteser H\u00fcmmling informierte den neuen Fl\u00fcchtlingsbeauftragten der Samtgemeinde S\u00f6gel Johannes Brachem und Julia Olges vom Fachbereich Soziales \u00fcber die Organisation einer Kleiderkammer, von Annahme der Spenden bis zur Pr\u00e4sentation\u00a0 im \u201eH\u00fcmmlinger Kleiderst\u00fcbchen\u201c. So wird die nachhaltige Wiederverwendung von Waren zu Gunsten von sozial Schwachen [&hellip;]\n","protected":false},"author":2,"featured_media":0,"comment_status":"closed","ping_status":"closed","sticky":false,"template":"","format":"standard","meta":{"ngg_post_thumbnail":0,"footnotes":""},"categories":[3],"tags":[],"class_list":["post-17497","post","type-post","status-publish","format-standard","hentry","category-aktuelles-aus-der-region"],"_links":{"self":[{"href":"https:\/\/www.forum-soegel.de\/information\/wp-json\/wp\/v2\/posts\/17497","targetHints":{"allow":["GET"]}}],"collection":[{"href":"https:\/\/www.forum-soegel.de\/information\/wp-json\/wp\/v2\/posts"}],"about":[{"href":"https:\/\/www.forum-soegel.de\/information\/wp-json\/wp\/v2\/types\/post"}],"author":[{"embeddable":true,"href":"https:\/\/www.forum-soegel.de\/information\/wp-json\/wp\/v2\/users\/2"}],"replies":[{"embeddable":true,"href":"https:\/\/www.forum-soegel.de\/information\/wp-json\/wp\/v2\/comments?post=17497"}],"version-history":[{"count":1,"href":"https:\/\/www.forum-soegel.de\/information\/wp-json\/wp\/v2\/posts\/17497\/revisions"}],"predecessor-version":[{"id":17499,"href":"https:\/\/www.forum-soegel.de\/information\/wp-json\/wp\/v2\/posts\/17497\/revisions\/17499"}],"wp:attachment":[{"href":"https:\/\/www.forum-soegel.de\/information\/wp-json\/wp\/v2\/media?parent=17497"}],"wp:term":[{"taxonomy":"category","embeddable":true,"href":"https:\/\/www.forum-soegel.de\/information\/wp-json\/wp\/v2\/categories?post=17497"},{"taxonomy":"post_tag","embeddable":true,"href":"https:\/\/www.forum-soegel.de\/information\/wp-json\/wp\/v2\/tags?post=17497"}],"curies":[{"name":"wp","href":"https:\/\/api.w.org\/{rel}","templated":true}]}}