{"id":17492,"date":"2015-12-09T19:05:56","date_gmt":"2015-12-09T18:05:56","guid":{"rendered":"https:\/\/www.forum-soegel.de\/information\/?p=17492"},"modified":"2015-12-09T19:05:56","modified_gmt":"2015-12-09T18:05:56","slug":"sogel-besetzt-hauptamtliche-stelle-fur-fluchtlingsberatung","status":"publish","type":"post","link":"https:\/\/www.forum-soegel.de\/information\/2015\/12\/sogel-besetzt-hauptamtliche-stelle-fur-fluchtlingsberatung\/","title":{"rendered":"S\u00f6gel besetzt hauptamtliche Stelle f\u00fcr Fl\u00fcchtlingsberatung"},"content":{"rendered":"<p><a href=\"https:\/\/www.forum-soegel.de\/information\/wp-content\/uploads\/2015\/12\/S\u00f6gel-besetzt-hauptamtliche-Stelle-f\u00fcr-Fl\u00fcchtlingsberatung.jpg\"><img loading=\"lazy\" decoding=\"async\" class=\"alignleft size-medium wp-image-17493\" title=\"S\u00f6gel besetzt hauptamtliche Stelle f\u00fcr Fl\u00fcchtlingsberatung\" src=\"https:\/\/www.forum-soegel.de\/information\/wp-content\/uploads\/2015\/12\/S\u00f6gel-besetzt-hauptamtliche-Stelle-f\u00fcr-Fl\u00fcchtlingsberatung-196x300.jpg\" alt=\"\" width=\"196\" height=\"300\" srcset=\"https:\/\/www.forum-soegel.de\/information\/wp-content\/uploads\/2015\/12\/S\u00f6gel-besetzt-hauptamtliche-Stelle-f\u00fcr-Fl\u00fcchtlingsberatung-196x300.jpg 196w, https:\/\/www.forum-soegel.de\/information\/wp-content\/uploads\/2015\/12\/S\u00f6gel-besetzt-hauptamtliche-Stelle-f\u00fcr-Fl\u00fcchtlingsberatung.jpg 502w\" sizes=\"auto, (max-width: 196px) 100vw, 196px\" \/><\/a>S\u00f6gel &#8211; Das Willkommensb\u00fcro in S\u00f6gel hat seine T\u00fcren ge\u00f6ffnet und ist seit dem 1. Oktober mit Johannes Brachem als neuem hauptamtlichen Fl\u00fcchtlingsbeauftragten in der Samtgemeinde S\u00f6gel auch personell besetzt. \u201eWir freuen uns sehr, mit dem 23-j\u00e4hrigen Psychologen einen kompetenten Mitarbeiter gefunden zu haben, der sowohl f\u00fcr die allgemeine Sozialarbeit, f\u00fcr die Hilfestellung und Beratung der Fl\u00fcchtlinge als auch f\u00fcr die Koordinierung des Einsatzes der ehrenamtlich t\u00e4tigen Personen verantwortlich ist\u201c, sagte Samtgemeindeb\u00fcrgermeister G\u00fcnter Wigbers. Finanziert wird die Personalstelle vom Landkreis, der den emsl\u00e4ndischen Kommunen f\u00fcr Fl\u00fcchtlingsbetreuung entsprechende Mittel zur Verf\u00fcgung stellt.<\/p>\n<p>Als wichtige Aufgabe Brachems nannte der Samtgemeindeb\u00fcrgermeister die Aktivierung und Koordination der ehrenamtlichen Arbeit und die Feststellung, welche Qualifikationen die Fl\u00fcchtlinge mitbringen und wie sie am besten in den Arbeitsmarkt zu integrieren sind. Gerade Fl\u00fcchtlinge aus Herkunftsl\u00e4ndern wie Syrien, Irak und Sudan, also Menschen mit einer realistischen Bleibeperspektive, sollen hier in unserer Samtgemeinde aktiv eine Chance auf Arbeit und Integration haben. Mit einer hauptamtlichen Kraft gelinge das vermutlich deutlich besser als bisher.<\/p>\n<p>Johannes Brachem hat in 2011 sein Abitur am H\u00fcmmling-Gymnasium S\u00f6gel erworben, in Jena Psychologie studiert und im Sommer dieses Jahres als Bachelor abgeschlossen. Bevor er sich in ein oder zwei Jahren dem Masterstudium widmet, will Brachem praktische Berufserfahrungen sammeln. \u201eDie Stellenausschreibung hat mich sofort angesprochen\u201c, so Brachem. \u201eEs reizt mich, dass ich in der schwierigen Fl\u00fcchtlingssituation direkt in meiner Heimatgemeinde helfen kann. Das Fl\u00fcchtlingsthema als solches ber\u00fchrt mich sehr und ich habe mich sehr viel damit auch in den vergangenen Jahren auseinandergesetzt.\u201c Als Mitmenschen und Christen sehe er die B\u00fcrger und auch sich in der Pflicht, den Fl\u00fcchtlingen nachhaltig zu helfen. \u201eZudem ist es eine spannende Aufgabe. Es gibt keine festen Rahmen f\u00fcr meine Aufgabe. Ich kann den Job nach meinen Vorstellungen aufbauen zum Wohle der Fl\u00fcchtlinge und zum Wohle der Gemeinde, das gef\u00e4llt mir besonders!\u201c<\/p>\n<p>Johannes Brachem m\u00f6chte in den Dialog\u00a0 und in Kontakt mit Fl\u00fcchtlingen und Einheimischen treten, weil\u2026 \u201eich das als wirkungsvollstes Instrument erachte, Vorurteile und \u00c4ngste abzubauen und Integration zu f\u00f6rdern.\u201c Zur\u00fcckgreifen kann er da auf die bereits geleistete Arbeit im Rathaus. So wurden bereits zwei Themenabende \u201eFl\u00fcchtlingshilfe\u201c abgehalten. Mittels Postkartenaktion hat sich eine Helferdatei mit inzwischen mehr als 70 Adressen aufgebaut, auf die er jetzt zur\u00fcckgreifen kann. \u201eEs gilt jetzt, dieses Potential zu nutzen und die Helfer mit den Bed\u00fcrftigen zusammenzuf\u00fchren und Integrationsma\u00dfnahmen einzuleiten.\u201c Dieses k\u00f6nne \u00fcber Patenschaften, Dolmetscherdienste, Hausaufgabenbetreuung und gemeinsame Unternehmungen geschehen, plant Brachem.<\/p>\n<p>Gemeinsam mit der Softwareentwicklungsfirma backslash\/n aus S\u00f6gel bereitet er erg\u00e4nzend ein Internetinformationsportal vor. Hier sollen eine Projektb\u00f6rse und ein Veranstaltungskalender installiert werden. Es kann sowohl von Fl\u00fcchtlingen als auch von B\u00fcrgern genutzt werden. Es ist mehrsprachig gestaltet und wird ab Mitte November online geschaltet, hofft Brachem.<\/p>\n<p>Brachem wird f\u00fcr derzeit knapp 150 Fl\u00fcchtlinge neben dem Personal aus dem Fachbereich \u201eSoziales\u201c erster Ansprechpartner sein. Brachems B\u00fcro befindet sich bewusst nicht im Rathaus, sondern Am Pohlkamp 7, im sogenannten \u201eWillkommensb\u00fcro\u201c. Hier findet auch die gesundheitliche Versorgung von Migranten- und Fl\u00fcchtlingskindern durch den Landkreis Emsland einmal monatlich statt. Au\u00dferdem h\u00e4lt das Willkommensb\u00fcro R\u00e4umlichkeiten f\u00fcr Schulungen, Begegnungen und ehrenamtliche Arbeit bereit. Brachem will auch in den Mitgliedsgemeinden pr\u00e4sent sein, in denen sich Fl\u00fcchtlinge aufhalten. So habe er bereits erste Gespr\u00e4che in der Gemeinde B\u00f6rger gef\u00fchrt.<\/p>\n<p>Es gelte ohnehin Kr\u00e4fte zu b\u00fcndeln, so Brachem. Er beabsichtigt eine enge Zusammenarbeit mit Vereinen und Verb\u00e4nden. Brachem ist zuversichtlich, dass ihm dieses gelingt: \u201eIch bin stolz, wie die Samtgemeinde S\u00f6gel bisher mit der Thematik Fl\u00fcchtlingshilfe umgegangen ist. Die B\u00fcrger engagieren sich hier au\u00dferordentlich und es ist eine gro\u00dfe Hilfsbereitschaft f\u00fchlbar!\u201c Erste Kontakte, beispielsweise mit dem Malteser Hilfsdienst, der Kolpingsfamilie, dem Marstall Clemenswerth, den Jugendmigrationsdienst und den Kirchengemeinden sind bereits gekn\u00fcpft worden. Am 7. November wird zudem eine Veranstaltung zum Thema \u201eKr\u00e4fte b\u00fcndeln und handeln! Koordinierung der ehrenamtlichen Fl\u00fcchtlingshilfe in der Samtgemeinde S\u00f6gel\u201c um 12.30 Uhr im Gemeindezentrum St. Jakobus angeboten. Hierzu nimmt Brachem noch gerne Anmeldungen entgegen.<\/p>\n<p>&nbsp;<\/p>\n<p>Kontakt:<\/p>\n<p>Johannes Brachem<\/p>\n<p>Fl\u00fcchtlingsbeauftragter<\/p>\n<p>Samtgemeinde S\u00f6gel<\/p>\n<p>Am Pohlkamp 7<\/p>\n<p>49751 S\u00f6gel<\/p>\n<p>Tel: 05952 \/ 206-190<\/p>\n<p>Fax: 05952 \/ 206-690<\/p>\n<p>E-Mail: Brachem@soegel.de<\/p>\n<p><a href=\"https:\/\/www.soegel.de\/\">https:\/\/www.soegel.de<\/a><\/p>\n","protected":false},"excerpt":{"rendered":"S\u00f6gel &#8211; Das Willkommensb\u00fcro in S\u00f6gel hat seine T\u00fcren ge\u00f6ffnet und ist seit dem 1. Oktober mit Johannes Brachem als neuem hauptamtlichen Fl\u00fcchtlingsbeauftragten in der Samtgemeinde S\u00f6gel auch personell besetzt. \u201eWir freuen uns sehr, mit dem 23-j\u00e4hrigen Psychologen einen kompetenten Mitarbeiter gefunden zu haben, der sowohl f\u00fcr die allgemeine Sozialarbeit, f\u00fcr die Hilfestellung und Beratung [&hellip;]\n","protected":false},"author":2,"featured_media":0,"comment_status":"closed","ping_status":"closed","sticky":false,"template":"","format":"standard","meta":{"ngg_post_thumbnail":0,"footnotes":""},"categories":[3],"tags":[],"class_list":["post-17492","post","type-post","status-publish","format-standard","hentry","category-aktuelles-aus-der-region"],"_links":{"self":[{"href":"https:\/\/www.forum-soegel.de\/information\/wp-json\/wp\/v2\/posts\/17492","targetHints":{"allow":["GET"]}}],"collection":[{"href":"https:\/\/www.forum-soegel.de\/information\/wp-json\/wp\/v2\/posts"}],"about":[{"href":"https:\/\/www.forum-soegel.de\/information\/wp-json\/wp\/v2\/types\/post"}],"author":[{"embeddable":true,"href":"https:\/\/www.forum-soegel.de\/information\/wp-json\/wp\/v2\/users\/2"}],"replies":[{"embeddable":true,"href":"https:\/\/www.forum-soegel.de\/information\/wp-json\/wp\/v2\/comments?post=17492"}],"version-history":[{"count":1,"href":"https:\/\/www.forum-soegel.de\/information\/wp-json\/wp\/v2\/posts\/17492\/revisions"}],"predecessor-version":[{"id":17494,"href":"https:\/\/www.forum-soegel.de\/information\/wp-json\/wp\/v2\/posts\/17492\/revisions\/17494"}],"wp:attachment":[{"href":"https:\/\/www.forum-soegel.de\/information\/wp-json\/wp\/v2\/media?parent=17492"}],"wp:term":[{"taxonomy":"category","embeddable":true,"href":"https:\/\/www.forum-soegel.de\/information\/wp-json\/wp\/v2\/categories?post=17492"},{"taxonomy":"post_tag","embeddable":true,"href":"https:\/\/www.forum-soegel.de\/information\/wp-json\/wp\/v2\/tags?post=17492"}],"curies":[{"name":"wp","href":"https:\/\/api.w.org\/{rel}","templated":true}]}}