{"id":17489,"date":"2015-12-09T19:04:25","date_gmt":"2015-12-09T18:04:25","guid":{"rendered":"https:\/\/www.forum-soegel.de\/information\/?p=17489"},"modified":"2015-12-09T19:06:57","modified_gmt":"2015-12-09T18:06:57","slug":"sogel-will-%e2%80%9efairtrade-town%e2%80%9c-werden","status":"publish","type":"post","link":"https:\/\/www.forum-soegel.de\/information\/2015\/12\/sogel-will-%e2%80%9efairtrade-town%e2%80%9c-werden\/","title":{"rendered":"S\u00f6gel will \u201eFairtrade-Town\u201c werden"},"content":{"rendered":"<p><a href=\"https:\/\/www.forum-soegel.de\/information\/wp-content\/uploads\/2015\/12\/S\u00f6gel-will-Fairtade-Town-werden2.jpg\"><img loading=\"lazy\" decoding=\"async\" class=\"alignleft size-medium wp-image-17495\" title=\"S\u00f6gel will Fairtade-Town werden2\" src=\"https:\/\/www.forum-soegel.de\/information\/wp-content\/uploads\/2015\/12\/S\u00f6gel-will-Fairtade-Town-werden2-300x132.jpg\" alt=\"\" width=\"300\" height=\"132\" srcset=\"https:\/\/www.forum-soegel.de\/information\/wp-content\/uploads\/2015\/12\/S\u00f6gel-will-Fairtade-Town-werden2-300x132.jpg 300w, https:\/\/www.forum-soegel.de\/information\/wp-content\/uploads\/2015\/12\/S\u00f6gel-will-Fairtade-Town-werden2.jpg 1024w\" sizes=\"auto, (max-width: 300px) 100vw, 300px\" \/><\/a>S\u00f6gel &#8211; Die Kampagne \u201eFairtrade-Towns\u201c ist eine weltweit sehr erfolgreiche Aktion. Mittlerweile sind \u00fcber 850 St\u00e4dte in 22 L\u00e4ndern weltweit Fairtrade-Towns. Seit 2009 ist auch Deutschland beteiligt. Es hat sich in S\u00f6gel eine lokale Steuerungsgruppe gegr\u00fcndet, die S\u00f6gel als \u201eFairtrade-Town\u201c zertifizieren lassen m\u00f6chte. Um die Bev\u00f6lkerung \u00fcber die Vorgehensweise und das Prozedere zu informieren, hatte der Arbeitskreis Vertreter aus Wirtschaft, Gemeinde, Kirchen, Schulen und Vereinen eingeladen, um individuelle Vorschl\u00e4ge zur Beteiligung an diesem Projekt pr\u00e4sentieren zu k\u00f6nnen.<\/p>\n<p>B\u00fcrgermeisterin Irmgard Welling ging in ihrer Begr\u00fc\u00dfungsrede auf die Beweggr\u00fcnde zu dieser Aktion ein. \u201eDas Thema fairer Handel liegt im Trend. In Deutschland w\u00e4chst zunehmend das Bewusstsein f\u00fcr gerechte Produktionsbedingungen sowie soziale und umweltschonende Herstellungs- und Handlungsstrukturen.\u201c Auch auf kommunaler Ebene spiele der faire Handel in allen gesellschaftlichen Bereichen eine wichtige Rolle, zunehmend auch bei der \u00f6ffentlichen\u00a0 Beschaffung.<\/p>\n<p>\u201eFairtrade-Stadt zu werden bedeutet, ein konkretes Zeichen f\u00fcr eine gerechtere Welt zu setzen. Menschen kommen zusammen, tauschen sich aus, werden aktiv und arbeiten daran, dass der faire Handel in Deutschland bekannter wird. Damit tragen sie dazu bei, dass die Produzenten in Lateinamerika, Afrika und Asien bessere Preise f\u00fcr ihre Produkte erhalten und sie damit mit ihren Familien ein menschenw\u00fcrdiges Leben f\u00fchren k\u00f6nnen\u201c, f\u00fchrte Angelika Boden von Transfair Deutschland in einem Referat auf.<\/p>\n<p>\u201eAls Werkzeuge dienen die Fairtrade-Standards: Sie umfassen unter anderem einen festen Mindestpreis, der die Kosten einer nachhaltigen Produktion decken soll, und eine Pr\u00e4mie, mit der Projekte finanziert werden sollen, die der Gemeinschaft zugutekommen, etwa Schulen oder Krankenstationen.\u201c Boden zufolge setzt sich Fairtrade dar\u00fcber hinaus gegen Zwangsarbeit und Kinderarbeit ein. \u201eEs ist ein Sozialsiegel, kein Biosiegel\u201c, hob sie hervor. Ressourcenschonung und Umweltvertr\u00e4glichkeit stehen ebenfalls auf der Aufgabenliste von Fairtrade.<\/p>\n<p>F\u00fcnf Kriterien m\u00fcssen erf\u00fcllt sein, um Fairtrade-Town zu werden. Nach Erf\u00fcllung aller Kriterien und Pr\u00fcfung durch TransFair Deutschland e.V. werde der Titel Fairtrade-Town f\u00fcr zun\u00e4chst zwei Jahre vergeben. Nach Ablauf dieser Zeitspanne erfolge eine \u00dcberpr\u00fcfung, ob die Kriterien weiterhin erf\u00fcllt sind.<\/p>\n<p>Neben den inhaltlichen Kriterien ist ein Ratsbeschluss zur Teilnahme erforderlich. Dieser sei bereits im Fr\u00fchjahr 2015 erfolgt, berichtete Welling. Zudem sei die erforderliche lokale Steuerungsgruppe gebildet worden. Sie informierte weiter: \u201eIn den lokalen Einzelhandelsgesch\u00e4ften m\u00fcssen mindestens gesiegelte Produkte aus fairem Handel angeboten und in Caf\u00e9s und Restaurants verkauft bzw. ausgeschenkt werden. Ausgehend von dem Kriterienkatalog m\u00fcssen dazu in S\u00f6gel 3 Einzelhandelsgesch\u00e4fte und 2 Gastronomiebetriebe mit Fairtrade-Produkten gefunden werden. Au\u00dferdem m\u00fcssten in \u00f6ffentlichen Einrichtungen wie Schulen, Vereinen und Kirchen Fairtrade-Produkte verwendet und Bildungsaktivit\u00e4ten zum Thema \u201efairer Handel\u201c durchgef\u00fchrt werden.\u201c Medienwirksamkeit sei eine weitere Voraussetzung. So sollen die \u00f6rtlichen Medien berichten \u00fcber alle Aktivit\u00e4ten auf dem Weg zur \u201eFairtrade-Stadt\u201c. Im Kriterienkatalog werden mindestens vier Artikel pro Jahr gefordert.<\/p>\n<p>Welling ist sich sicher, dass die Chancen der Gemeinde S\u00f6gel, in absehbarer Zeit die Auszeichnung \u201eFairtrade- Town\u201c verliehen zu bekommen, als gut zu bezeichnen sind. Die entstehenden Mehrkosten durch die Verwendung von Produkten aus fairem Handel werden aus den beschlossenen Budgets beglichen. \u201eEs wird kein leichter Weg sein, aber wir schaffen das!\u201c<\/p>\n<p>Text: Ingrid Cloppenburg \/ Foto: Gemeinde S\u00f6gel<\/p>\n<p>&nbsp;<\/p>\n<p><em>Zur Sache:<\/em><\/p>\n<p><em>Als Fairtrade-Stadt wird eine Stadt bezeichnet, die sich f\u00fcr eine Unterst\u00fctzung des fairen Handels ausspricht und eine entsprechende Zertifizierung anstrebt. Die Kampagne \u201eFair Trade Towns\u201c startete 2000 in Gro\u00dfbritannien; seit 2009 gibt es sie auch in Deutschland. Weltweit bewerben sich in insgesamt 24 L\u00e4ndern St\u00e4dte um den Status \u201eFair Trade Town\u201c. Die Auswahl der Fairtrade-Produkte reicht von Kaffee und Kakao \u00fcber Obst und Gem\u00fcse bis hin zu Zucker und Wein.<\/em><\/p>\n<div id=\"attachment_17490\" style=\"width: 310px\" class=\"wp-caption alignnone\"><a href=\"https:\/\/www.forum-soegel.de\/information\/wp-content\/uploads\/2015\/12\/S\u00f6gel-will-Fairtade-Town-werden1.jpg\"><img loading=\"lazy\" decoding=\"async\" aria-describedby=\"caption-attachment-17490\" class=\"size-medium wp-image-17490\" title=\"S\u00f6gel will Fairtade-Town werden1\" src=\"https:\/\/www.forum-soegel.de\/information\/wp-content\/uploads\/2015\/12\/S\u00f6gel-will-Fairtade-Town-werden1-300x225.jpg\" alt=\"\" width=\"300\" height=\"225\" srcset=\"https:\/\/www.forum-soegel.de\/information\/wp-content\/uploads\/2015\/12\/S\u00f6gel-will-Fairtade-Town-werden1-300x225.jpg 300w, https:\/\/www.forum-soegel.de\/information\/wp-content\/uploads\/2015\/12\/S\u00f6gel-will-Fairtade-Town-werden1.jpg 1024w\" sizes=\"auto, (max-width: 300px) 100vw, 300px\" \/><\/a><p id=\"caption-attachment-17490\" class=\"wp-caption-text\">Die lokale Steuerungsgruppe mit (v.l.) Diana Schmitz, Karsta Roscher, Claudia Grote und Claudia L\u00fcbs stellten gemeinsam mit Angelika Boden von Transfair Deutschland und der B\u00fcrgermeisterin Irmgard Welling den G\u00e4sten der Auftaktveranstaltung zur \u201eFairtrade-Town\u201c Waren vom Weltladen S\u00f6gel vor.<\/p><\/div>\n","protected":false},"excerpt":{"rendered":"S\u00f6gel &#8211; Die Kampagne \u201eFairtrade-Towns\u201c ist eine weltweit sehr erfolgreiche Aktion. Mittlerweile sind \u00fcber 850 St\u00e4dte in 22 L\u00e4ndern weltweit Fairtrade-Towns. Seit 2009 ist auch Deutschland beteiligt. Es hat sich in S\u00f6gel eine lokale Steuerungsgruppe gegr\u00fcndet, die S\u00f6gel als \u201eFairtrade-Town\u201c zertifizieren lassen m\u00f6chte. Um die Bev\u00f6lkerung \u00fcber die Vorgehensweise und das Prozedere zu informieren, hatte [&hellip;]\n","protected":false},"author":2,"featured_media":0,"comment_status":"closed","ping_status":"closed","sticky":false,"template":"","format":"standard","meta":{"ngg_post_thumbnail":0,"footnotes":""},"categories":[3],"tags":[],"class_list":["post-17489","post","type-post","status-publish","format-standard","hentry","category-aktuelles-aus-der-region"],"_links":{"self":[{"href":"https:\/\/www.forum-soegel.de\/information\/wp-json\/wp\/v2\/posts\/17489","targetHints":{"allow":["GET"]}}],"collection":[{"href":"https:\/\/www.forum-soegel.de\/information\/wp-json\/wp\/v2\/posts"}],"about":[{"href":"https:\/\/www.forum-soegel.de\/information\/wp-json\/wp\/v2\/types\/post"}],"author":[{"embeddable":true,"href":"https:\/\/www.forum-soegel.de\/information\/wp-json\/wp\/v2\/users\/2"}],"replies":[{"embeddable":true,"href":"https:\/\/www.forum-soegel.de\/information\/wp-json\/wp\/v2\/comments?post=17489"}],"version-history":[{"count":2,"href":"https:\/\/www.forum-soegel.de\/information\/wp-json\/wp\/v2\/posts\/17489\/revisions"}],"predecessor-version":[{"id":17496,"href":"https:\/\/www.forum-soegel.de\/information\/wp-json\/wp\/v2\/posts\/17489\/revisions\/17496"}],"wp:attachment":[{"href":"https:\/\/www.forum-soegel.de\/information\/wp-json\/wp\/v2\/media?parent=17489"}],"wp:term":[{"taxonomy":"category","embeddable":true,"href":"https:\/\/www.forum-soegel.de\/information\/wp-json\/wp\/v2\/categories?post=17489"},{"taxonomy":"post_tag","embeddable":true,"href":"https:\/\/www.forum-soegel.de\/information\/wp-json\/wp\/v2\/tags?post=17489"}],"curies":[{"name":"wp","href":"https:\/\/api.w.org\/{rel}","templated":true}]}}