{"id":17481,"date":"2015-11-21T22:03:33","date_gmt":"2015-11-21T21:03:33","guid":{"rendered":"https:\/\/www.forum-soegel.de\/information\/?p=17481"},"modified":"2015-11-21T22:03:51","modified_gmt":"2015-11-21T21:03:51","slug":"%e2%80%9ezwischen-realitat-und-fantasie%e2%80%9c","status":"publish","type":"post","link":"https:\/\/www.forum-soegel.de\/information\/2015\/11\/%e2%80%9ezwischen-realitat-und-fantasie%e2%80%9c\/","title":{"rendered":"\u201eZwischen Realit\u00e4t und Fantasie\u201c"},"content":{"rendered":"<p style=\"text-align: left;\" align=\"center\"><strong>Ausstellung in S\u00f6geler Rathaus er\u00f6ffnet<\/strong><\/p>\n<p>S\u00f6gel &#8211; Das K\u00fcnstlerpaar Louisa und Erik Zwezerijnen hatte zur Er\u00f6ffnung ihrer Ausstellung \u201eZwischen Realit\u00e4t und Fantasie\u201c in den Ludmillenhof in S\u00f6gel eingeladen. Die niederl\u00e4ndischen K\u00fcnstler wohnen in Klein-Ber\u00dfen und haben mit ihren Kunstwerken internationale Anerkennung erreicht.<\/p>\n<p>In seiner Er\u00f6ffnungsrede betonte Erik Zwezerijnen, dass er nicht mehr als Niederl\u00e4nder gesehen werden m\u00f6chte. \u201eIch bin Ber\u00dfener\u201c, verk\u00fcndete der 56-J\u00e4hrige. Besonders sch\u00e4tzt er die Ruhe und das entspannte Landleben.<\/p>\n<p>Farbenfrohe Bilder und reale Motive<\/p>\n<p>\u201eMeine Kunst ist ein fr\u00f6hliches Zusammenspiel aus Realit\u00e4t und Fantasie\u201c, begr\u00fcndete Zwezerijnen seine Themenwahl. Die farbenfrohen Bilder zeigen immer reale Motive, die der K\u00fcnstler verfremdete und mit einer gro\u00dfen Farbenvielfalt darstellt. \u201eBeim Malen ist es wichtig, dass man f\u00fcr das Motiv etwas empfindet.\u201c Aus diesem Grund z\u00e4hlen zu seinen beliebtesten Motiven Tiere, wie Strau\u00dfe, Hunde oder Pferde. Zudem zeigen viele Bilder das urbane Stadtleben in New York, Groningen oder Amsterdam. An jedem Bild arbeitet der Niederl\u00e4nder mehrere Wochen und verkauft diese zu Preisen zwischen 300 und 10000 Euro.<\/p>\n<p>Seine Ehefrau Louisa widmet sich der Kunst auf dem Gebiet der Glasmalerei. Mit speziellen Glasfarben bemalte sie das Relief von Gl\u00e4sern, Schalen und Vasen. Die bunten Schalen erfreuten sich bei den Besuchern der Ausstellungser\u00f6ffnung an gro\u00dfer Beliebtheit. Insgesamt drei Monate werden die Gem\u00e4lde und Glasschalen im Ludmillenhof ausgestellt.<\/p>\n<p>Text\/Foto: Julia Kleene<\/p>\n<div id=\"attachment_17482\" style=\"width: 310px\" class=\"wp-caption alignnone\"><a href=\"https:\/\/www.forum-soegel.de\/information\/wp-content\/uploads\/2015\/11\/Zwischen-Realit\u00e4t-und-Fantasie.jpg\"><img loading=\"lazy\" decoding=\"async\" aria-describedby=\"caption-attachment-17482\" class=\"size-medium wp-image-17482\" title=\"Zwischen Realit\u00e4t und Fantasie\" src=\"https:\/\/www.forum-soegel.de\/information\/wp-content\/uploads\/2015\/11\/Zwischen-Realit\u00e4t-und-Fantasie-300x200.jpg\" alt=\"\" width=\"300\" height=\"200\" srcset=\"https:\/\/www.forum-soegel.de\/information\/wp-content\/uploads\/2015\/11\/Zwischen-Realit\u00e4t-und-Fantasie-300x200.jpg 300w, https:\/\/www.forum-soegel.de\/information\/wp-content\/uploads\/2015\/11\/Zwischen-Realit\u00e4t-und-Fantasie.jpg 1024w\" sizes=\"auto, (max-width: 300px) 100vw, 300px\" \/><\/a><p id=\"caption-attachment-17482\" class=\"wp-caption-text\">: Ingrid Cloppenburg, Erik Zwezerijnen, Louisa van den Hof, Theo Kr\u00f6ger und Hans Nowak freuten sich \u00fcber die zahlreichen G\u00e4ste.<\/p><\/div>\n","protected":false},"excerpt":{"rendered":"Ausstellung in S\u00f6geler Rathaus er\u00f6ffnet S\u00f6gel &#8211; Das K\u00fcnstlerpaar Louisa und Erik Zwezerijnen hatte zur Er\u00f6ffnung ihrer Ausstellung \u201eZwischen Realit\u00e4t und Fantasie\u201c in den Ludmillenhof in S\u00f6gel eingeladen. Die niederl\u00e4ndischen K\u00fcnstler wohnen in Klein-Ber\u00dfen und haben mit ihren Kunstwerken internationale Anerkennung erreicht. In seiner Er\u00f6ffnungsrede betonte Erik Zwezerijnen, dass er nicht mehr als Niederl\u00e4nder gesehen [&hellip;]\n","protected":false},"author":2,"featured_media":0,"comment_status":"closed","ping_status":"closed","sticky":false,"template":"","format":"standard","meta":{"ngg_post_thumbnail":0,"footnotes":""},"categories":[3],"tags":[],"class_list":["post-17481","post","type-post","status-publish","format-standard","hentry","category-aktuelles-aus-der-region"],"_links":{"self":[{"href":"https:\/\/www.forum-soegel.de\/information\/wp-json\/wp\/v2\/posts\/17481","targetHints":{"allow":["GET"]}}],"collection":[{"href":"https:\/\/www.forum-soegel.de\/information\/wp-json\/wp\/v2\/posts"}],"about":[{"href":"https:\/\/www.forum-soegel.de\/information\/wp-json\/wp\/v2\/types\/post"}],"author":[{"embeddable":true,"href":"https:\/\/www.forum-soegel.de\/information\/wp-json\/wp\/v2\/users\/2"}],"replies":[{"embeddable":true,"href":"https:\/\/www.forum-soegel.de\/information\/wp-json\/wp\/v2\/comments?post=17481"}],"version-history":[{"count":3,"href":"https:\/\/www.forum-soegel.de\/information\/wp-json\/wp\/v2\/posts\/17481\/revisions"}],"predecessor-version":[{"id":17485,"href":"https:\/\/www.forum-soegel.de\/information\/wp-json\/wp\/v2\/posts\/17481\/revisions\/17485"}],"wp:attachment":[{"href":"https:\/\/www.forum-soegel.de\/information\/wp-json\/wp\/v2\/media?parent=17481"}],"wp:term":[{"taxonomy":"category","embeddable":true,"href":"https:\/\/www.forum-soegel.de\/information\/wp-json\/wp\/v2\/categories?post=17481"},{"taxonomy":"post_tag","embeddable":true,"href":"https:\/\/www.forum-soegel.de\/information\/wp-json\/wp\/v2\/tags?post=17481"}],"curies":[{"name":"wp","href":"https:\/\/api.w.org\/{rel}","templated":true}]}}