{"id":17478,"date":"2015-11-21T22:01:45","date_gmt":"2015-11-21T21:01:45","guid":{"rendered":"https:\/\/www.forum-soegel.de\/information\/?p=17478"},"modified":"2015-11-21T22:01:45","modified_gmt":"2015-11-21T21:01:45","slug":"wiedervereinigung-zeitzeuge-diedrich-im-a-w-bildungszentrum","status":"publish","type":"post","link":"https:\/\/www.forum-soegel.de\/information\/2015\/11\/wiedervereinigung-zeitzeuge-diedrich-im-a-w-bildungszentrum\/","title":{"rendered":"Wiedervereinigung: Zeitzeuge Diedrich im A + W Bildungszentrum"},"content":{"rendered":"<p>S\u00f6gel &#8211; Bis auf den letzten Platz gef\u00fcllt war das Bistro des A + W Bildungszentrums in S\u00f6gel. Herr Georg Diedrich, ehemaliger Innenminister von Mecklenburg Vorpommern, diskutierte mit 60 \u00a0jugendlichen A + W Teilnehmern \u00fcber Erlebnisse und Eindr\u00fccke w\u00e4hrend der Deutschen Wiedervereinigung.<\/p>\n<p>In einer Projektwoche hatten sich die Teilnehmer aus den Bereichen der berufsvorbereitenden Ma\u00dfnahmen und der \u00fcberbetrieblichen Ausbildung \u00a0mit der Wiedervereinigung besch\u00e4ftigt und \u00a0Fragen vorbereitet. Schlagfertig und informativ beantwortete Herr Diedrich Fragen zu \u00c4ngsten w\u00e4hrend dieser Zeit. Eine Teilnehmerin fasste den Vormittag zusammen, dass es wichtig ist, \u201eInformationen von Betroffenen zu erhalten und nicht nur aus B\u00fcchern oder Filmen\u201c. \u201eKaum Vorstellbar, dass es erst 25 Jahre her ist, dass Deutschland geteilt war und dass man in einem Teil von Deutschland nicht frei leben konnte\u201c res\u00fcmierten die Teilnehmer. \u00a0Wir bedanken uns herzlich f\u00fcr die M\u00f6glichkeit, dass wir dieses so wichtige Thema unserer Geschichte mit dem Zeitzeugen Herrn Diedrich diskutieren durften.<\/p>\n<p>Text\/Foto: Michael M\u00f6ller<\/p>\n<p><a href=\"https:\/\/www.forum-soegel.de\/information\/wp-content\/uploads\/2015\/11\/Wiedervereinigung-Zeitzeuge-Diedrich-im-A-+-W-Bildungszentrum.jpg\"><img loading=\"lazy\" decoding=\"async\" class=\"alignnone size-medium wp-image-17479\" title=\"Wiedervereinigung Zeitzeuge Diedrich im A + W Bildungszentrum\" src=\"https:\/\/www.forum-soegel.de\/information\/wp-content\/uploads\/2015\/11\/Wiedervereinigung-Zeitzeuge-Diedrich-im-A-+-W-Bildungszentrum-300x207.jpg\" alt=\"\" width=\"300\" height=\"207\" srcset=\"https:\/\/www.forum-soegel.de\/information\/wp-content\/uploads\/2015\/11\/Wiedervereinigung-Zeitzeuge-Diedrich-im-A-+-W-Bildungszentrum-300x207.jpg 300w, https:\/\/www.forum-soegel.de\/information\/wp-content\/uploads\/2015\/11\/Wiedervereinigung-Zeitzeuge-Diedrich-im-A-+-W-Bildungszentrum.jpg 1024w\" sizes=\"auto, (max-width: 300px) 100vw, 300px\" \/><\/a><\/p>\n","protected":false},"excerpt":{"rendered":"S\u00f6gel &#8211; Bis auf den letzten Platz gef\u00fcllt war das Bistro des A + W Bildungszentrums in S\u00f6gel. Herr Georg Diedrich, ehemaliger Innenminister von Mecklenburg Vorpommern, diskutierte mit 60 \u00a0jugendlichen A + W Teilnehmern \u00fcber Erlebnisse und Eindr\u00fccke w\u00e4hrend der Deutschen Wiedervereinigung. In einer Projektwoche hatten sich die Teilnehmer aus den Bereichen der berufsvorbereitenden Ma\u00dfnahmen [&hellip;]\n","protected":false},"author":2,"featured_media":0,"comment_status":"closed","ping_status":"closed","sticky":false,"template":"","format":"standard","meta":{"ngg_post_thumbnail":0,"footnotes":""},"categories":[3],"tags":[],"class_list":["post-17478","post","type-post","status-publish","format-standard","hentry","category-aktuelles-aus-der-region"],"_links":{"self":[{"href":"https:\/\/www.forum-soegel.de\/information\/wp-json\/wp\/v2\/posts\/17478","targetHints":{"allow":["GET"]}}],"collection":[{"href":"https:\/\/www.forum-soegel.de\/information\/wp-json\/wp\/v2\/posts"}],"about":[{"href":"https:\/\/www.forum-soegel.de\/information\/wp-json\/wp\/v2\/types\/post"}],"author":[{"embeddable":true,"href":"https:\/\/www.forum-soegel.de\/information\/wp-json\/wp\/v2\/users\/2"}],"replies":[{"embeddable":true,"href":"https:\/\/www.forum-soegel.de\/information\/wp-json\/wp\/v2\/comments?post=17478"}],"version-history":[{"count":1,"href":"https:\/\/www.forum-soegel.de\/information\/wp-json\/wp\/v2\/posts\/17478\/revisions"}],"predecessor-version":[{"id":17480,"href":"https:\/\/www.forum-soegel.de\/information\/wp-json\/wp\/v2\/posts\/17478\/revisions\/17480"}],"wp:attachment":[{"href":"https:\/\/www.forum-soegel.de\/information\/wp-json\/wp\/v2\/media?parent=17478"}],"wp:term":[{"taxonomy":"category","embeddable":true,"href":"https:\/\/www.forum-soegel.de\/information\/wp-json\/wp\/v2\/categories?post=17478"},{"taxonomy":"post_tag","embeddable":true,"href":"https:\/\/www.forum-soegel.de\/information\/wp-json\/wp\/v2\/tags?post=17478"}],"curies":[{"name":"wp","href":"https:\/\/api.w.org\/{rel}","templated":true}]}}