{"id":17475,"date":"2015-11-21T22:00:04","date_gmt":"2015-11-21T21:00:04","guid":{"rendered":"https:\/\/www.forum-soegel.de\/information\/?p=17475"},"modified":"2015-11-21T22:00:04","modified_gmt":"2015-11-21T21:00:04","slug":"themenabend-%e2%80%9efluchtlingshilfe-in-sogel","status":"publish","type":"post","link":"https:\/\/www.forum-soegel.de\/information\/2015\/11\/themenabend-%e2%80%9efluchtlingshilfe-in-sogel\/","title":{"rendered":"Themenabend \u201eFl\u00fcchtlingshilfe&#8220; in S\u00f6gel"},"content":{"rendered":"<p>S\u00f6gel \u2013 \u201eEinzig eine konsequente Asylpolitik sichert die nachhaltige Hilfe f\u00fcr politische Fl\u00fcchtlinge&#8220;, so res\u00fcmierte MdB Gitta Connemann (CDU) den von der Frauenunion Kreisverband Aschendorf-H\u00fcmmling und dem CDU-Ortsverband S\u00f6gel zahlreich besuchten Themenabend im S\u00f6geler Rathaus.<\/p>\n<p>Zur Einstimmung auf die Vielschichtigkeit der Fl\u00fcchtlingsthematik wurde der Film \u201eWillkommen auf Deutsch&#8220; pr\u00e4sentiert, der Parallelen zum l\u00e4ndlichen Raum Emsland bot. Dr. Sigrid Kraujuttis vom Landkreis Emsland erl\u00e4uterte im Anschluss daran mit Angabe von Zahlen und Fakten, wie die Verantwortlichkeit im Landkreis auf die Samtgemeinden \u00fcbertragen und von dort gesteuert w\u00fcrden, wenn es um die Unterbringung von Fl\u00fcchtlingen gehe. \u201eAnders als im Film sitzen hier die Verantwortlichen vor Ort und gewinnen so einen \u00dcberblick \u00fcber die Versorgungssituation und Ressourcen&#8220;, verglich Dr. Kraujuttis die Filmebene mit der Realit\u00e4t im Emsland.<\/p>\n<p>Mit Blick auf die Samtgemeinde S\u00f6gel erkl\u00e4rte der Samtgemeindeb\u00fcrgermeister G\u00fcnter Wigbers: \u201eWir kommen unseren Aufgaben in guter Zusammenarbeit mit den einzelnen Ortschaften nach, vor allem mit Unterst\u00fctzung der Ehrenamtlichen. Die Ehrenamtsarbeit kann optimaler gesteuert werden. Hierf\u00fcr k\u00f6nnen wir mit Mitteln des Landkreises Emsland in K\u00fcrze die Stelle eines Fl\u00fcchtlingshelfers f\u00fcr unsere Samtgemeinde finanzieren.&#8220;<\/p>\n<p>Im Anschluss lobte MdB Gitta Conneman ausdr\u00fccklich den Hauptteil der Unterst\u00fctzung, der von Ehrenamtlichen geschultert werde: \u201eUnser Dank geht immer an die einzelnen, ehrenamtlichen Helfer vor Ort.&#8220;<\/p>\n<p>Die Abgeordnete stellte in der Diskussionsrunde den Standpunkt klar, dass es gesetzlich eine Unterscheidung zwischen politischen und wirtschaftlichen Fl\u00fcchtlingen geben m\u00fcsse, auch wenn die Motive f\u00fcr Wirtschaftsfl\u00fcchtlinge menschlich nachvollziehbar seien. Es mache keinen Sinn, aus einem Land zu fl\u00fcchten, das zeitgleich auf den EU-Beitritt hoffe. Hier gebe es andere Wege, sich dem \u00a0Arbeitsmarkt in Deutschland bereitzustellen.<\/p>\n<p>Andersherum stehe die Aufgabe im Zentrum, mit welchen Ressourcen eine solche Belastung des sozialen Haushaltes bei der Vielzahl von Asylantr\u00e4gen zu \u00fcberbr\u00fccken sei. In Br\u00fcssel stehe auf der Tagesordnung, wie Europa mit den zahlreichen Kriegsschaupl\u00e4tzen auf der Welt umgehen solle. \u201eIn erster Linie m\u00fcssen L\u00f6sungen erarbeitet werden, wie Europa auf die Kriegsherde in der Welt reagieren wird.&#8220; Mit diesem denkw\u00fcrdigen Ausblick veranschaulichte Gitta Connemann, dass die Fl\u00fcchtlingsmassen die Symptome der eigentlichen Ursachen seien, n\u00e4mlich Kriege weltweit.<\/p>\n<p>Text: Ingrid Cloppenburg \/ Foto: Theresa Cloppenburg<\/p>\n<div id=\"attachment_17476\" style=\"width: 310px\" class=\"wp-caption alignnone\"><a href=\"https:\/\/www.forum-soegel.de\/information\/wp-content\/uploads\/2015\/11\/Themenabend-Fl\u00fcchtlingshilfe-in-S\u00f6gel.jpg\"><img loading=\"lazy\" decoding=\"async\" aria-describedby=\"caption-attachment-17476\" class=\"size-medium wp-image-17476\" title=\"Themenabend Fl\u00fcchtlingshilfe in S\u00f6gel\" src=\"https:\/\/www.forum-soegel.de\/information\/wp-content\/uploads\/2015\/11\/Themenabend-Fl\u00fcchtlingshilfe-in-S\u00f6gel-300x170.jpg\" alt=\"\" width=\"300\" height=\"170\" srcset=\"https:\/\/www.forum-soegel.de\/information\/wp-content\/uploads\/2015\/11\/Themenabend-Fl\u00fcchtlingshilfe-in-S\u00f6gel-300x170.jpg 300w, https:\/\/www.forum-soegel.de\/information\/wp-content\/uploads\/2015\/11\/Themenabend-Fl\u00fcchtlingshilfe-in-S\u00f6gel.jpg 1024w\" sizes=\"auto, (max-width: 300px) 100vw, 300px\" \/><\/a><p id=\"caption-attachment-17476\" class=\"wp-caption-text\">Im Rathaus der Samtgemeinde S\u00f6gel wurde von der Frauenunion Aschendorf-H\u00fcmmling und dem CDU-Ortsverband ein Themenabend \u201eFl\u00fcchtlingshilfe\u201c angeboten. Als Referenten konnten Gitta Connemann (CDU, MdB), Dr. Sigrid Kraujuttis (Landkreis Emsland) und Samtgemeindeb\u00fcrgermeister G\u00fcnter Wigbers gewonnen werden.<\/p><\/div>\n","protected":false},"excerpt":{"rendered":"S\u00f6gel \u2013 \u201eEinzig eine konsequente Asylpolitik sichert die nachhaltige Hilfe f\u00fcr politische Fl\u00fcchtlinge&#8220;, so res\u00fcmierte MdB Gitta Connemann (CDU) den von der Frauenunion Kreisverband Aschendorf-H\u00fcmmling und dem CDU-Ortsverband S\u00f6gel zahlreich besuchten Themenabend im S\u00f6geler Rathaus. Zur Einstimmung auf die Vielschichtigkeit der Fl\u00fcchtlingsthematik wurde der Film \u201eWillkommen auf Deutsch&#8220; pr\u00e4sentiert, der Parallelen zum l\u00e4ndlichen Raum Emsland [&hellip;]\n","protected":false},"author":2,"featured_media":0,"comment_status":"closed","ping_status":"closed","sticky":false,"template":"","format":"standard","meta":{"ngg_post_thumbnail":0,"footnotes":""},"categories":[3],"tags":[],"class_list":["post-17475","post","type-post","status-publish","format-standard","hentry","category-aktuelles-aus-der-region"],"_links":{"self":[{"href":"https:\/\/www.forum-soegel.de\/information\/wp-json\/wp\/v2\/posts\/17475","targetHints":{"allow":["GET"]}}],"collection":[{"href":"https:\/\/www.forum-soegel.de\/information\/wp-json\/wp\/v2\/posts"}],"about":[{"href":"https:\/\/www.forum-soegel.de\/information\/wp-json\/wp\/v2\/types\/post"}],"author":[{"embeddable":true,"href":"https:\/\/www.forum-soegel.de\/information\/wp-json\/wp\/v2\/users\/2"}],"replies":[{"embeddable":true,"href":"https:\/\/www.forum-soegel.de\/information\/wp-json\/wp\/v2\/comments?post=17475"}],"version-history":[{"count":1,"href":"https:\/\/www.forum-soegel.de\/information\/wp-json\/wp\/v2\/posts\/17475\/revisions"}],"predecessor-version":[{"id":17477,"href":"https:\/\/www.forum-soegel.de\/information\/wp-json\/wp\/v2\/posts\/17475\/revisions\/17477"}],"wp:attachment":[{"href":"https:\/\/www.forum-soegel.de\/information\/wp-json\/wp\/v2\/media?parent=17475"}],"wp:term":[{"taxonomy":"category","embeddable":true,"href":"https:\/\/www.forum-soegel.de\/information\/wp-json\/wp\/v2\/categories?post=17475"},{"taxonomy":"post_tag","embeddable":true,"href":"https:\/\/www.forum-soegel.de\/information\/wp-json\/wp\/v2\/tags?post=17475"}],"curies":[{"name":"wp","href":"https:\/\/api.w.org\/{rel}","templated":true}]}}