{"id":17472,"date":"2015-11-21T21:58:13","date_gmt":"2015-11-21T20:58:13","guid":{"rendered":"https:\/\/www.forum-soegel.de\/information\/?p=17472"},"modified":"2015-11-21T21:58:13","modified_gmt":"2015-11-21T20:58:13","slug":"spd-sogel-besichtigt-kindertraume","status":"publish","type":"post","link":"https:\/\/www.forum-soegel.de\/information\/2015\/11\/spd-sogel-besichtigt-kindertraume\/","title":{"rendered":"SPD S\u00f6gel besichtigt Kindertr\u00e4ume"},"content":{"rendered":"<p>S\u00f6gel &#8211; Am 01.10.2015 traf sich der SPD-Ortsverein S\u00f6gel im Kinderspieleland Springmaus, welches Anfang September in S\u00f6gel neu er\u00f6ffnet wurde, nachdem die R\u00e4umlichkeiten in Werlte zu klein geworden seien.<\/p>\n<p>Bei einer Besichtigung des Betriebes berichtete Inhaberin Tanja Felker von den \u201ekleinen Problemchen&#8220;, die dieser Umzug mit sich brachte. So sind l\u00e4ngst nicht alle Angebote f\u00fcr die Kinder vor Ort.<\/p>\n<p>Dennoch begeistert der Indoor-Spielplatz mit seinen zahlreichen Angeboten f\u00fcr die Kleinen auf \u00fcber 2000 qm, aber auch einem Restaurantbereich und einer ChillOut-Ecke f\u00fcr die Gro\u00dfen.<\/p>\n<p>Das Mitbringen eigener Knabbersachen und Getr\u00e4nke ist erlaubt. Weitere Infos auf www.springmaus-kinderspieleland.de.<\/p>\n<p>Nach der Besichtigung bekamen die Mitglieder des Ortsvereines die M\u00f6glichkeit, ihre Mitgliederversammlung vor Ort abzuhalten. Neben der Ortsvereinsarbeit beriet man nat\u00fcrlich auch \u00fcber aktuelle kommunalpolitische Themen.<\/p>\n<p>Text\/Foto: Lars Bollmann<\/p>\n<p><a href=\"https:\/\/www.forum-soegel.de\/information\/wp-content\/uploads\/2015\/11\/SPD-S\u00f6gel-besichtigt-Kindertr\u00e4ume.jpg\"><img loading=\"lazy\" decoding=\"async\" class=\"alignnone size-medium wp-image-17473\" title=\"SPD S\u00f6gel besichtigt Kindertr\u00e4ume\" src=\"https:\/\/www.forum-soegel.de\/information\/wp-content\/uploads\/2015\/11\/SPD-S\u00f6gel-besichtigt-Kindertr\u00e4ume-300x169.jpg\" alt=\"\" width=\"300\" height=\"169\" srcset=\"https:\/\/www.forum-soegel.de\/information\/wp-content\/uploads\/2015\/11\/SPD-S\u00f6gel-besichtigt-Kindertr\u00e4ume-300x169.jpg 300w, https:\/\/www.forum-soegel.de\/information\/wp-content\/uploads\/2015\/11\/SPD-S\u00f6gel-besichtigt-Kindertr\u00e4ume.jpg 1024w\" sizes=\"auto, (max-width: 300px) 100vw, 300px\" \/><\/a><\/p>\n","protected":false},"excerpt":{"rendered":"S\u00f6gel &#8211; Am 01.10.2015 traf sich der SPD-Ortsverein S\u00f6gel im Kinderspieleland Springmaus, welches Anfang September in S\u00f6gel neu er\u00f6ffnet wurde, nachdem die R\u00e4umlichkeiten in Werlte zu klein geworden seien. Bei einer Besichtigung des Betriebes berichtete Inhaberin Tanja Felker von den \u201ekleinen Problemchen&#8220;, die dieser Umzug mit sich brachte. So sind l\u00e4ngst nicht alle Angebote f\u00fcr [&hellip;]\n","protected":false},"author":2,"featured_media":0,"comment_status":"closed","ping_status":"closed","sticky":false,"template":"","format":"standard","meta":{"ngg_post_thumbnail":0,"footnotes":""},"categories":[3],"tags":[],"class_list":["post-17472","post","type-post","status-publish","format-standard","hentry","category-aktuelles-aus-der-region"],"_links":{"self":[{"href":"https:\/\/www.forum-soegel.de\/information\/wp-json\/wp\/v2\/posts\/17472","targetHints":{"allow":["GET"]}}],"collection":[{"href":"https:\/\/www.forum-soegel.de\/information\/wp-json\/wp\/v2\/posts"}],"about":[{"href":"https:\/\/www.forum-soegel.de\/information\/wp-json\/wp\/v2\/types\/post"}],"author":[{"embeddable":true,"href":"https:\/\/www.forum-soegel.de\/information\/wp-json\/wp\/v2\/users\/2"}],"replies":[{"embeddable":true,"href":"https:\/\/www.forum-soegel.de\/information\/wp-json\/wp\/v2\/comments?post=17472"}],"version-history":[{"count":1,"href":"https:\/\/www.forum-soegel.de\/information\/wp-json\/wp\/v2\/posts\/17472\/revisions"}],"predecessor-version":[{"id":17474,"href":"https:\/\/www.forum-soegel.de\/information\/wp-json\/wp\/v2\/posts\/17472\/revisions\/17474"}],"wp:attachment":[{"href":"https:\/\/www.forum-soegel.de\/information\/wp-json\/wp\/v2\/media?parent=17472"}],"wp:term":[{"taxonomy":"category","embeddable":true,"href":"https:\/\/www.forum-soegel.de\/information\/wp-json\/wp\/v2\/categories?post=17472"},{"taxonomy":"post_tag","embeddable":true,"href":"https:\/\/www.forum-soegel.de\/information\/wp-json\/wp\/v2\/tags?post=17472"}],"curies":[{"name":"wp","href":"https:\/\/api.w.org\/{rel}","templated":true}]}}