{"id":17466,"date":"2015-11-21T21:54:25","date_gmt":"2015-11-21T20:54:25","guid":{"rendered":"https:\/\/www.forum-soegel.de\/information\/?p=17466"},"modified":"2015-11-21T21:54:25","modified_gmt":"2015-11-21T20:54:25","slug":"funftes-mauergedicht-in-sogel-kurz-vor-der-fertigstellung","status":"publish","type":"post","link":"https:\/\/www.forum-soegel.de\/information\/2015\/11\/funftes-mauergedicht-in-sogel-kurz-vor-der-fertigstellung\/","title":{"rendered":"F\u00fcnftes Mauergedicht in S\u00f6gel kurz vor der Fertigstellung"},"content":{"rendered":"<p>S\u00f6gel &#8211; F\u00fcr den K\u00fcnstler Robert Glanz ist es das erste Mauergedicht, welches er an einer Hauswand in S\u00f6gel angebracht hat. Insgesamt ist es aber bereits das f\u00fcnfte Gedicht dieser Serie. Wilhelm und Michael Wigbers von der VGH Versicherung S\u00f6gel haben ihre Hauswand an der M\u00fchlenstra\u00dfe f\u00fcr ein Mauergedicht zur Verf\u00fcgung gestellt. Ihnen gef\u00e4llt die\u00a0 neu gestaltete Au\u00dfenfassade. In gro\u00dfen Buchstaben ist jetzt das Gedicht \u201eEr ist\u00b4s\u201c von Eduard M\u00f6rike angezeichnet worden. Wilhelm Wigbers hatte das Gedicht vorgeschlagen: \u201eGegen\u00fcber unserem Haus befindet sich das H\u00fcmmling Hospital mit der Pflegestation. Den \u00e4lteren Patienten ist dieses Gedicht aus der Kindheit in Erinnerung, fast alle mussten es damals als Sch\u00fcler auswendig lernen. Ich finde, es ist ein sch\u00f6ner Gedanke, dass sich die Patienten an diesem Gedicht erfreuen werden, wenn sie aus dem Fenster blicken.\u201c<\/p>\n<p>Kunstdozent und K\u00fcnstler Robert Glanz leitet die \u00f6rtliche Malschule \u201eTricolor\u201c in S\u00f6gell. Begleitet wurde Glanz von zwei Sch\u00fclerinnen des H\u00fcmmling-Gymnasiums S\u00f6gel, die den ersten Entwurf f\u00fcr die Umsetzung des Gedichtes angefertigt hatten. Kirsten Sievers und Katrin Gr\u00f6nloh hatten sichtlich Freude an der Mauermalerei. \u201eIn den Mauergedichten sehe ich eine tolle M\u00f6glichkeit, kleine bunte \u00dcberraschungen im ganzen Ort zu verstecken\u201c, so Kirsten Sievers. Katrin Gr\u00f6nloh meinte dazu: \u201eMauergedichte sind f\u00fcr mich Ausdruck von Freude an Literatur und Kunst. Die beiden Sachen zu vereinen ist einfach eine tolle Idee.\u201c Ebenso begeistert zeigte sich die Kunstp\u00e4dagogin und projektbegleitende Lehrerin Stina Moorbrink: \u201eEs ist eine tolle Gelegenheit, Theorie und Praxis zu verbinden. Unsere Schule beteiligt sich gerne weiterhin an der Umsetzung der Mauergedichte.\u201c<\/p>\n<p>Die Initiatoren Christiane Bangert und Ingrid Cloppenburg vom Arbeitskreis \u201eMauergedichte\u201c dankten indes der Gemeinde S\u00f6gel, die das Anbringen der Mauergedichte in S\u00f6gel \u00fcberhaupt erm\u00f6gliche. \u201eEs ist jedes Mal ein Balanceakt, das Anbringen der Gedichte zu koordinieren und zu finanzieren. Bis jetzt ist es uns unter Mithilfe verschiedenster Institutionen immer noch gelungen. Hoffentlich bleibt das so.\u201c Als n\u00e4chstes Vorhaben plant der sechsk\u00f6pfige Arbeitskreis die Anbringung eines Gedichtes am Rathaus. In Bezug auf die Sch\u00fcckingfamilie, die von 1830 bis 1837 im Ludmillenhof lebte, wurde hier ein Gedicht von Annette von Droste-H\u00fclshoff ausgew\u00e4hlt. \u201eUnser Ziel ist es, in jedem Jahr drei Gedichte anzubringen. So lange zumindest, wie Interesse daran besteht. So nach und nach wird S\u00f6gel dadurch ein neues Markenzeichen bekomme\u201c, erhoffen sich die Initiatoren. Besonders wichtig sei dem Arbeitskreis, dass sich die Leser der Gedichte mit den Texten auch auseinandersetzen. Die Gedichte werden in verschiedenen Sprachen ausgew\u00e4hlt, so dass irgendwann f\u00fcr jede Nation, die in S\u00f6gel vertreten ist, das passende Gedicht vorhanden ist und auch ein St\u00fcck Heimat vermitteln kann.<\/p>\n<p>Text: Ingrid Cloppenburg \/ Foto: Theresa Cloppenburg<\/p>\n<div id=\"attachment_17467\" style=\"width: 310px\" class=\"wp-caption alignnone\"><a href=\"https:\/\/www.forum-soegel.de\/information\/wp-content\/uploads\/2015\/11\/F\u00fcnftes-Mauergedicht-in-S\u00f6gel-kurz-vor-der-Fertigstellung.jpg\"><img loading=\"lazy\" decoding=\"async\" aria-describedby=\"caption-attachment-17467\" class=\"size-medium wp-image-17467\" title=\"F\u00fcnftes Mauergedicht in S\u00f6gel kurz vor der Fertigstellung\" src=\"https:\/\/www.forum-soegel.de\/information\/wp-content\/uploads\/2015\/11\/F\u00fcnftes-Mauergedicht-in-S\u00f6gel-kurz-vor-der-Fertigstellung-300x300.jpg\" alt=\"\" width=\"300\" height=\"300\" srcset=\"https:\/\/www.forum-soegel.de\/information\/wp-content\/uploads\/2015\/11\/F\u00fcnftes-Mauergedicht-in-S\u00f6gel-kurz-vor-der-Fertigstellung-300x300.jpg 300w, https:\/\/www.forum-soegel.de\/information\/wp-content\/uploads\/2015\/11\/F\u00fcnftes-Mauergedicht-in-S\u00f6gel-kurz-vor-der-Fertigstellung-150x150.jpg 150w, https:\/\/www.forum-soegel.de\/information\/wp-content\/uploads\/2015\/11\/F\u00fcnftes-Mauergedicht-in-S\u00f6gel-kurz-vor-der-Fertigstellung.jpg 767w\" sizes=\"auto, (max-width: 300px) 100vw, 300px\" \/><\/a><p id=\"caption-attachment-17467\" class=\"wp-caption-text\">: Ingrid Cloppenburg, Christiane Bangert, Stina Moorbrink, Wilhelm und Michael Wigbers sowie auf dem Ger\u00fcst Robert Glanz mit Kirsten Sievers und Katrin Gr\u00f6nloh kurz vor der Fertigstellung des f\u00fcnften Mauergedichtes in S\u00f6gel.<\/p><\/div>\n","protected":false},"excerpt":{"rendered":"S\u00f6gel &#8211; F\u00fcr den K\u00fcnstler Robert Glanz ist es das erste Mauergedicht, welches er an einer Hauswand in S\u00f6gel angebracht hat. Insgesamt ist es aber bereits das f\u00fcnfte Gedicht dieser Serie. Wilhelm und Michael Wigbers von der VGH Versicherung S\u00f6gel haben ihre Hauswand an der M\u00fchlenstra\u00dfe f\u00fcr ein Mauergedicht zur Verf\u00fcgung gestellt. Ihnen gef\u00e4llt die\u00a0 [&hellip;]\n","protected":false},"author":2,"featured_media":0,"comment_status":"closed","ping_status":"closed","sticky":false,"template":"","format":"standard","meta":{"ngg_post_thumbnail":0,"footnotes":""},"categories":[3],"tags":[],"class_list":["post-17466","post","type-post","status-publish","format-standard","hentry","category-aktuelles-aus-der-region"],"_links":{"self":[{"href":"https:\/\/www.forum-soegel.de\/information\/wp-json\/wp\/v2\/posts\/17466","targetHints":{"allow":["GET"]}}],"collection":[{"href":"https:\/\/www.forum-soegel.de\/information\/wp-json\/wp\/v2\/posts"}],"about":[{"href":"https:\/\/www.forum-soegel.de\/information\/wp-json\/wp\/v2\/types\/post"}],"author":[{"embeddable":true,"href":"https:\/\/www.forum-soegel.de\/information\/wp-json\/wp\/v2\/users\/2"}],"replies":[{"embeddable":true,"href":"https:\/\/www.forum-soegel.de\/information\/wp-json\/wp\/v2\/comments?post=17466"}],"version-history":[{"count":1,"href":"https:\/\/www.forum-soegel.de\/information\/wp-json\/wp\/v2\/posts\/17466\/revisions"}],"predecessor-version":[{"id":17468,"href":"https:\/\/www.forum-soegel.de\/information\/wp-json\/wp\/v2\/posts\/17466\/revisions\/17468"}],"wp:attachment":[{"href":"https:\/\/www.forum-soegel.de\/information\/wp-json\/wp\/v2\/media?parent=17466"}],"wp:term":[{"taxonomy":"category","embeddable":true,"href":"https:\/\/www.forum-soegel.de\/information\/wp-json\/wp\/v2\/categories?post=17466"},{"taxonomy":"post_tag","embeddable":true,"href":"https:\/\/www.forum-soegel.de\/information\/wp-json\/wp\/v2\/tags?post=17466"}],"curies":[{"name":"wp","href":"https:\/\/api.w.org\/{rel}","templated":true}]}}