{"id":17463,"date":"2015-11-21T21:52:26","date_gmt":"2015-11-21T20:52:26","guid":{"rendered":"https:\/\/www.forum-soegel.de\/information\/?p=17463"},"modified":"2015-11-21T21:52:26","modified_gmt":"2015-11-21T20:52:26","slug":"fluchtlinge-wollen-schulerlotse-werden","status":"publish","type":"post","link":"https:\/\/www.forum-soegel.de\/information\/2015\/11\/fluchtlinge-wollen-schulerlotse-werden\/","title":{"rendered":"Fl\u00fcchtlinge wollen Sch\u00fclerlotse werden"},"content":{"rendered":"<p>S\u00f6gel &#8211; \u201eWir sind hier in S\u00f6gel gut aufgenommen worden und wollen gerne etwas zur\u00fcckgeben\u201c, so die Begr\u00fcndung der sieben in S\u00f6gel wohnen Sudanesen, die sich jetzt als Sch\u00fclerlotsen haben ausbilden lassen. Im September sind sie im ehemaligen S\u00f6geler Rathaus in der Ortsmitte eingezogen. Von dort k\u00f6nnen sie t\u00e4glich den Sch\u00fclerlotsendienst beobachten. Jetzt wollen sie sich selbst engagieren. Theoretischen und praktischen Unterricht erhielten sie vom Kommissar Thorsten Eilers in der Polizeistation H\u00fcmmling- S\u00f6gel, sowie direkt vor Ort an der Sigiltrastra\u00dfe. \u00a0Hier wurde den neuen Sch\u00fclerlotsen vermittelt, dass sie auf Verkehrsl\u00fccken zu achten haben und Blickkontakt zum zweiten Sch\u00fclerlotsen halten m\u00fcssen. Der neue Fl\u00fcchtlingshelfer der Samtgemeinde S\u00f6gel Johannes Brachem begleitete die Ausbildung.\u00a0 Er freute sich \u00fcber das ehrenamtliche Engagement der Sudanesen: \u201eEs ist gut zu wissen, dass die Fl\u00fcchtlinge sich hier in S\u00f6gel sichtlich wohl f\u00fchlen und ihre Dankbarkeit f\u00fcr die herzliche Aufnahme durch ihr ehrenamtliches Engagement bekunden.\u201c Samtgemeindeb\u00fcrgermeister G\u00fcnter Wigbers stimmte diesem zu. Er freut sich auch \u00fcber die gro\u00dfe Resonanz der Bev\u00f6lkerung: \u201eWir sind offensichtlich auf dem richtigen Weg. Diese Aktion ist auf viel Beifall gesto\u00dfen. Die gro\u00dfe Anzahl an \u201elikes\u201c auf ein von der Samtgemeinde S\u00f6gel ver\u00f6ffentlichtes Video \u00fcber die Schulungsma\u00dfnahe zum Sch\u00fclerlotsen fand mehr als 442 likes innerhalb der ersten 20 Stunden.\u00a0 So eine Resonanz gab es bisher noch nie auf eine Ver\u00f6ffentlichung. Es ist gut zu wissen, dass unsere B\u00fcrgerinnen und B\u00fcrger hinter uns stehen.\u201c Gerd Kerssens, Betreuer der Sch\u00fclerlotsen in der Gemeinde S\u00f6gel, stattete die sieben Fl\u00fcchtlinge mit Warnwesten und Kelle aus. \u201eNeue Sch\u00fclerlotsen sind f\u00fcr uns ein Gewinn. Sie werden zeitnah eingesetzt und k\u00fcnftig mit einem erfahrenen Sch\u00fclerlotsen an verschiedenen Fu\u00dfg\u00e4nger\u00fcberwegen ihren Dienst zum Wohle unserer Sch\u00fclerinnen und Sch\u00fcler tun k\u00f6nnen.\u201c<\/p>\n<p>Text\/Foto: Ingrid Cloppenburg<\/p>\n<p><a href=\"https:\/\/www.forum-soegel.de\/information\/wp-content\/uploads\/2015\/11\/Fl\u00fcchtlinge-wollen-Sch\u00fclerlotse-werden.jpg\"><img loading=\"lazy\" decoding=\"async\" class=\"alignnone size-medium wp-image-17464\" title=\"Fl\u00fcchtlinge wollen Sch\u00fclerlotse werden\" src=\"https:\/\/www.forum-soegel.de\/information\/wp-content\/uploads\/2015\/11\/Fl\u00fcchtlinge-wollen-Sch\u00fclerlotse-werden-300x225.jpg\" alt=\"\" width=\"300\" height=\"225\" srcset=\"https:\/\/www.forum-soegel.de\/information\/wp-content\/uploads\/2015\/11\/Fl\u00fcchtlinge-wollen-Sch\u00fclerlotse-werden-300x225.jpg 300w, https:\/\/www.forum-soegel.de\/information\/wp-content\/uploads\/2015\/11\/Fl\u00fcchtlinge-wollen-Sch\u00fclerlotse-werden.jpg 1024w\" sizes=\"auto, (max-width: 300px) 100vw, 300px\" \/><\/a><\/p>\n","protected":false},"excerpt":{"rendered":"S\u00f6gel &#8211; \u201eWir sind hier in S\u00f6gel gut aufgenommen worden und wollen gerne etwas zur\u00fcckgeben\u201c, so die Begr\u00fcndung der sieben in S\u00f6gel wohnen Sudanesen, die sich jetzt als Sch\u00fclerlotsen haben ausbilden lassen. Im September sind sie im ehemaligen S\u00f6geler Rathaus in der Ortsmitte eingezogen. Von dort k\u00f6nnen sie t\u00e4glich den Sch\u00fclerlotsendienst beobachten. Jetzt wollen sie [&hellip;]\n","protected":false},"author":2,"featured_media":0,"comment_status":"closed","ping_status":"closed","sticky":false,"template":"","format":"standard","meta":{"ngg_post_thumbnail":0,"footnotes":""},"categories":[3],"tags":[],"class_list":["post-17463","post","type-post","status-publish","format-standard","hentry","category-aktuelles-aus-der-region"],"_links":{"self":[{"href":"https:\/\/www.forum-soegel.de\/information\/wp-json\/wp\/v2\/posts\/17463","targetHints":{"allow":["GET"]}}],"collection":[{"href":"https:\/\/www.forum-soegel.de\/information\/wp-json\/wp\/v2\/posts"}],"about":[{"href":"https:\/\/www.forum-soegel.de\/information\/wp-json\/wp\/v2\/types\/post"}],"author":[{"embeddable":true,"href":"https:\/\/www.forum-soegel.de\/information\/wp-json\/wp\/v2\/users\/2"}],"replies":[{"embeddable":true,"href":"https:\/\/www.forum-soegel.de\/information\/wp-json\/wp\/v2\/comments?post=17463"}],"version-history":[{"count":1,"href":"https:\/\/www.forum-soegel.de\/information\/wp-json\/wp\/v2\/posts\/17463\/revisions"}],"predecessor-version":[{"id":17465,"href":"https:\/\/www.forum-soegel.de\/information\/wp-json\/wp\/v2\/posts\/17463\/revisions\/17465"}],"wp:attachment":[{"href":"https:\/\/www.forum-soegel.de\/information\/wp-json\/wp\/v2\/media?parent=17463"}],"wp:term":[{"taxonomy":"category","embeddable":true,"href":"https:\/\/www.forum-soegel.de\/information\/wp-json\/wp\/v2\/categories?post=17463"},{"taxonomy":"post_tag","embeddable":true,"href":"https:\/\/www.forum-soegel.de\/information\/wp-json\/wp\/v2\/tags?post=17463"}],"curies":[{"name":"wp","href":"https:\/\/api.w.org\/{rel}","templated":true}]}}