{"id":17454,"date":"2015-11-21T21:46:54","date_gmt":"2015-11-21T20:46:54","guid":{"rendered":"https:\/\/www.forum-soegel.de\/information\/?p=17454"},"modified":"2015-11-21T21:46:54","modified_gmt":"2015-11-21T20:46:54","slug":"%e2%80%9echance-azubi%e2%80%9c-in-sogel-%e2%80%93-vierte-ausbildungsborse-am-12-november-2015","status":"publish","type":"post","link":"https:\/\/www.forum-soegel.de\/information\/2015\/11\/%e2%80%9echance-azubi%e2%80%9c-in-sogel-%e2%80%93-vierte-ausbildungsborse-am-12-november-2015\/","title":{"rendered":"\u201eChance: Azubi\u201c in S\u00f6gel \u2013 vierte Ausbildungsb\u00f6rse am 12. November 2015"},"content":{"rendered":"<p>S\u00f6gel &#8211; Bereits zum vierten Mal wird sich der Verein \u201eChance: Azubi\u201c am 12. November 2015 mit einem Info-Abend in der Samtgemeinde S\u00f6gel pr\u00e4sentieren. Von 17 bis 19 Uhr werden sich Mitgliedsbetriebe in der Pausenhalle der Schule am Schloss in der Schlaunallee 12 den Fragen zuk\u00fcnftiger Auszubildender stellen. Die Gemeinde S\u00f6gel, der Wirtschaftsverband S\u00f6gel, die Oberschule Schule am Schloss, die Erich K\u00e4stner Schule und das H\u00fcmmling Gymnasium S\u00f6gel sowie der Verein \u201eChance: Azubi\u201c freuen sich auf eine erfolgreiche Ausbildungsb\u00f6rse.<\/p>\n<p>Der Verein \u201eChance: Azubi\u201c hat sich die F\u00f6rderung der beruflichen Orientierung und Bildung zum Ziel gesetzt. Zun\u00e4chst als Initiative gestartet, bietet &#8222;Chance: Azubi&#8220; in Aurich, Emden, Leer, Papenburg, Wiesmoor, Oldenburg und Meppen mittlerweile sehr erfolgreich Info-Abende f\u00fcr Sch\u00fcler, Eltern und Lehrer rund um das Thema Ausbildung an. \u00dcber 100 Unternehmen sind dem Verein inzwischen beigetreten. \u00dcber 300 Ausbildungsangebote, hinter denen sich ein Mehrfaches an tats\u00e4chlichen Ausbildungspl\u00e4tzen verbirgt, werden von 130 ausstellenden Betrieben den Besuchern j\u00e4hrlich pr\u00e4sentiert. Derzeit wird zu zw\u00f6lf Veranstaltungen j\u00e4hrlich eingeladen.<br \/>\nDas &#8222;schlanke&#8220; und erfolgreiche Konzept hat neben gro\u00dfen Ausbildungsbetrieben der Region (u.a. Enercon, Nordland Papier GmbH, B\u00fcnting) auch vor allem kleine und mittelst\u00e4ndische Ausbildungsbetriebe diverser Branchen \u00fcberzeugt, die sich ebenfalls hervorragend den Besuchern pr\u00e4sentieren k\u00f6nnen. Die Mitgliedsbetriebe des Wirtschaftsverbands S\u00f6gel sind ebenfalls zahlreich vertreten. An den St\u00e4nden stehen Ausbilder und Auszubildende zu Gespr\u00e4chen \u201eauf Augenh\u00f6he\u201c bereit, die dem interessierten Besucher ein viel authentischeres Bild bieten k\u00f6nnen als jede Hochglanzbrosch\u00fcre.<br \/>\nZiel des Vereins ist es, die Info-Abende an weiteren Standorten anzubieten und auch das Medium Internet st\u00e4rker zu nutzen, um die Ausbildung in der Region voranzubringen. Auf <a href=\"https:\/\/www.chance-azubi.de\/\">www.chance-azubi.de<\/a> besteht die M\u00f6glichkeit, in einer Firmen-Datenbank nach Ausbildungsberufen und weiteren Unternehmens-Informationen zu suchen. Weitere Informationen zum Info-Abend in S\u00f6gel erteilt Koordinator Werner Kremer unter <a href=\"mailto:werner.kremer@upm.com\">werner.kremer@upm.com<\/a> Tel.04963\/4011877.<\/p>\n<p>Text\/Foto: Verein Chance Azubi<\/p>\n<p><a href=\"https:\/\/www.forum-soegel.de\/information\/wp-content\/uploads\/2015\/11\/Chance-Azubi-in-S\u00f6gel-vierte-Ausbildungsb\u00f6rse-am-12.-November-2015.jpg\"><img loading=\"lazy\" decoding=\"async\" class=\"alignnone size-medium wp-image-17455\" title=\"Chance Azubi in S\u00f6gel vierte Ausbildungsb\u00f6rse am 12. November 2015\" src=\"https:\/\/www.forum-soegel.de\/information\/wp-content\/uploads\/2015\/11\/Chance-Azubi-in-S\u00f6gel-vierte-Ausbildungsb\u00f6rse-am-12.-November-2015-212x300.jpg\" alt=\"\" width=\"212\" height=\"300\" srcset=\"https:\/\/www.forum-soegel.de\/information\/wp-content\/uploads\/2015\/11\/Chance-Azubi-in-S\u00f6gel-vierte-Ausbildungsb\u00f6rse-am-12.-November-2015-212x300.jpg 212w, https:\/\/www.forum-soegel.de\/information\/wp-content\/uploads\/2015\/11\/Chance-Azubi-in-S\u00f6gel-vierte-Ausbildungsb\u00f6rse-am-12.-November-2015.jpg 543w\" sizes=\"auto, (max-width: 212px) 100vw, 212px\" \/><\/a><\/p>\n","protected":false},"excerpt":{"rendered":"S\u00f6gel &#8211; Bereits zum vierten Mal wird sich der Verein \u201eChance: Azubi\u201c am 12. November 2015 mit einem Info-Abend in der Samtgemeinde S\u00f6gel pr\u00e4sentieren. Von 17 bis 19 Uhr werden sich Mitgliedsbetriebe in der Pausenhalle der Schule am Schloss in der Schlaunallee 12 den Fragen zuk\u00fcnftiger Auszubildender stellen. Die Gemeinde S\u00f6gel, der Wirtschaftsverband S\u00f6gel, die [&hellip;]\n","protected":false},"author":2,"featured_media":0,"comment_status":"closed","ping_status":"closed","sticky":false,"template":"","format":"standard","meta":{"ngg_post_thumbnail":0,"footnotes":""},"categories":[3],"tags":[],"class_list":["post-17454","post","type-post","status-publish","format-standard","hentry","category-aktuelles-aus-der-region"],"_links":{"self":[{"href":"https:\/\/www.forum-soegel.de\/information\/wp-json\/wp\/v2\/posts\/17454","targetHints":{"allow":["GET"]}}],"collection":[{"href":"https:\/\/www.forum-soegel.de\/information\/wp-json\/wp\/v2\/posts"}],"about":[{"href":"https:\/\/www.forum-soegel.de\/information\/wp-json\/wp\/v2\/types\/post"}],"author":[{"embeddable":true,"href":"https:\/\/www.forum-soegel.de\/information\/wp-json\/wp\/v2\/users\/2"}],"replies":[{"embeddable":true,"href":"https:\/\/www.forum-soegel.de\/information\/wp-json\/wp\/v2\/comments?post=17454"}],"version-history":[{"count":1,"href":"https:\/\/www.forum-soegel.de\/information\/wp-json\/wp\/v2\/posts\/17454\/revisions"}],"predecessor-version":[{"id":17456,"href":"https:\/\/www.forum-soegel.de\/information\/wp-json\/wp\/v2\/posts\/17454\/revisions\/17456"}],"wp:attachment":[{"href":"https:\/\/www.forum-soegel.de\/information\/wp-json\/wp\/v2\/media?parent=17454"}],"wp:term":[{"taxonomy":"category","embeddable":true,"href":"https:\/\/www.forum-soegel.de\/information\/wp-json\/wp\/v2\/categories?post=17454"},{"taxonomy":"post_tag","embeddable":true,"href":"https:\/\/www.forum-soegel.de\/information\/wp-json\/wp\/v2\/tags?post=17454"}],"curies":[{"name":"wp","href":"https:\/\/api.w.org\/{rel}","templated":true}]}}