{"id":17447,"date":"2015-11-21T21:40:34","date_gmt":"2015-11-21T20:40:34","guid":{"rendered":"https:\/\/www.forum-soegel.de\/information\/?p=17447"},"modified":"2015-11-21T21:40:34","modified_gmt":"2015-11-21T20:40:34","slug":"1000-besucher-beim-fest-der-kulturen-in-sogel","status":"publish","type":"post","link":"https:\/\/www.forum-soegel.de\/information\/2015\/11\/1000-besucher-beim-fest-der-kulturen-in-sogel\/","title":{"rendered":"1000 Besucher beim Fest der Kulturen in S\u00f6gel"},"content":{"rendered":"<p>S\u00f6gel &#8211; Das Kolping &#8211; \u00a0Bildungswerk veranstaltete zum zweiten Mal das Fest der Kulturen auf dem Marktplatz in S\u00f6gel. F\u00fcnfzehn verschiedene L\u00e4ndergruppen pr\u00e4sentierten l\u00e4ndertypische Snacks und Getr\u00e4nke zum Selbstkostenpreis. Insgesamt 30 Kulturen waren auf dem Fest vertreten.<\/p>\n<p>Laut Angaben der B\u00fcrgermeisterin von S\u00f6gel, Irmgard Welling, gibt es insgesamt 65 verschiedene Nationalit\u00e4ten in S\u00f6gel. Die Veranstaltung lud zum interkulturellen Dialog ein und hatte zum Ziel, die Kulturen zusammenzubringen.<\/p>\n<p>Im aktuellen Kontext thematisierten die Gru\u00dfworte vor allem die Situation der Fl\u00fcchtlinge. \u201eS\u00f6gel hat ein Herz f\u00fcr Fl\u00fcchtlinge\u201c, stellte der Beisitzer des Kolping &#8211; \u00a0Bildungswerkes, Gerd Gerdes, fest. Bereits vor den Fl\u00fcchtlingsstr\u00f6men h\u00e4tte S\u00f6gel die Integration gelebt und gef\u00f6rdert, erkl\u00e4rte der Kreisratssprecher Marc-Andr\u00e9 Burgdorf. Auch die B\u00fcrgermeisterin Irmgard Welling sprach klare Worte. \u201eIn der Begegnung des noch Fremden liegt die Kunst des Verstehens\u201c, sagte sie.<\/p>\n<p>Kulinarische Weltreise<\/p>\n<p>Rund 1000 Besucher probierten die angebotenen Kostproben, nahmen an den verschiedenen Aktionen teil und sahen sich das B\u00fchnenprogramm an. Das Essen stellte eine Weltreise in die verschiedenen K\u00fcchen aller Kontinente dar. Die S\u00fcdsudanesen boten Weizenfladen und s\u00fc\u00dfen Reis an, Ungarn tischte eine Gulaschsuppe auf, Vietnam verteilte Fr\u00fchlingsrollen und der Libanon reichte Falafel und Atayef. Deutschland pr\u00e4sentierte sich mit Kartoffelpuffern. Am sp\u00e4ten Nachmittag waren die gesamten H\u00e4ppchen ausverkauft.<\/p>\n<p>Essen erleichtert Kontaktaufnahme<\/p>\n<p>Zudem bot das Fest unter anderem einen B\u00fccherbasar, eine Kletterwand und eine Verlosung. Helene Kurka organisierte im Namen des Kolping &#8211; Jugendmigrationsdienstes die Veranstaltung durch die Mithilfe vieler ehrenamtlicher Helfer, der Kooperationspartner und der politischen und kirchlichen Gemeinde. \u201eDie Resonanz war durchweg positiv\u201c, sagte Kurka. \u201eDurch das gemeinsame Essen wird die erste Kontaktaufnahme erleichtert und die Hemmschwelle verringert\u201c, erkl\u00e4rte sie.<\/p>\n<p>Weiterhin soll das Fest der Kulturen alle zwei Jahre auf dem Marktplatz stattfinden.<\/p>\n<p>Text: Julia Kleene, Ems-Zeitung \/ Foto: Gemeinde S\u00f6gel<\/p>\n<p><a href=\"https:\/\/www.forum-soegel.de\/information\/wp-content\/uploads\/2015\/11\/1000-Besucher-beim-Fest-der-Kulturen-in-S\u00f6gel.jpg\"><img loading=\"lazy\" decoding=\"async\" class=\"alignnone size-medium wp-image-17448\" title=\"1000 Besucher beim Fest der Kulturen in S\u00f6gel\" src=\"https:\/\/www.forum-soegel.de\/information\/wp-content\/uploads\/2015\/11\/1000-Besucher-beim-Fest-der-Kulturen-in-S\u00f6gel-300x225.jpg\" alt=\"\" width=\"300\" height=\"225\" srcset=\"https:\/\/www.forum-soegel.de\/information\/wp-content\/uploads\/2015\/11\/1000-Besucher-beim-Fest-der-Kulturen-in-S\u00f6gel-300x225.jpg 300w, https:\/\/www.forum-soegel.de\/information\/wp-content\/uploads\/2015\/11\/1000-Besucher-beim-Fest-der-Kulturen-in-S\u00f6gel.jpg 1024w\" sizes=\"auto, (max-width: 300px) 100vw, 300px\" \/><\/a><\/p>\n","protected":false},"excerpt":{"rendered":"S\u00f6gel &#8211; Das Kolping &#8211; \u00a0Bildungswerk veranstaltete zum zweiten Mal das Fest der Kulturen auf dem Marktplatz in S\u00f6gel. F\u00fcnfzehn verschiedene L\u00e4ndergruppen pr\u00e4sentierten l\u00e4ndertypische Snacks und Getr\u00e4nke zum Selbstkostenpreis. Insgesamt 30 Kulturen waren auf dem Fest vertreten. Laut Angaben der B\u00fcrgermeisterin von S\u00f6gel, Irmgard Welling, gibt es insgesamt 65 verschiedene Nationalit\u00e4ten in S\u00f6gel. Die Veranstaltung [&hellip;]\n","protected":false},"author":2,"featured_media":0,"comment_status":"closed","ping_status":"closed","sticky":false,"template":"","format":"standard","meta":{"ngg_post_thumbnail":0,"footnotes":""},"categories":[3],"tags":[],"class_list":["post-17447","post","type-post","status-publish","format-standard","hentry","category-aktuelles-aus-der-region"],"_links":{"self":[{"href":"https:\/\/www.forum-soegel.de\/information\/wp-json\/wp\/v2\/posts\/17447","targetHints":{"allow":["GET"]}}],"collection":[{"href":"https:\/\/www.forum-soegel.de\/information\/wp-json\/wp\/v2\/posts"}],"about":[{"href":"https:\/\/www.forum-soegel.de\/information\/wp-json\/wp\/v2\/types\/post"}],"author":[{"embeddable":true,"href":"https:\/\/www.forum-soegel.de\/information\/wp-json\/wp\/v2\/users\/2"}],"replies":[{"embeddable":true,"href":"https:\/\/www.forum-soegel.de\/information\/wp-json\/wp\/v2\/comments?post=17447"}],"version-history":[{"count":1,"href":"https:\/\/www.forum-soegel.de\/information\/wp-json\/wp\/v2\/posts\/17447\/revisions"}],"predecessor-version":[{"id":17449,"href":"https:\/\/www.forum-soegel.de\/information\/wp-json\/wp\/v2\/posts\/17447\/revisions\/17449"}],"wp:attachment":[{"href":"https:\/\/www.forum-soegel.de\/information\/wp-json\/wp\/v2\/media?parent=17447"}],"wp:term":[{"taxonomy":"category","embeddable":true,"href":"https:\/\/www.forum-soegel.de\/information\/wp-json\/wp\/v2\/categories?post=17447"},{"taxonomy":"post_tag","embeddable":true,"href":"https:\/\/www.forum-soegel.de\/information\/wp-json\/wp\/v2\/tags?post=17447"}],"curies":[{"name":"wp","href":"https:\/\/api.w.org\/{rel}","templated":true}]}}