{"id":17444,"date":"2015-11-21T21:38:00","date_gmt":"2015-11-21T20:38:00","guid":{"rendered":"https:\/\/www.forum-soegel.de\/information\/?p=17444"},"modified":"2015-12-31T16:08:27","modified_gmt":"2015-12-31T15:08:27","slug":"im-oktober-wurde-erntedank-gefeiert","status":"publish","type":"post","link":"https:\/\/www.forum-soegel.de\/information\/2015\/11\/im-oktober-wurde-erntedank-gefeiert\/","title":{"rendered":"Im Oktober wurde Erntedank gefeiert"},"content":{"rendered":"<p>\u201eDas Erntedankfest (auch Erntedank, Erntefest) ist im <a title=\"Christentum\" href=\"https:\/\/de.wikipedia.org\/wiki\/Christentum\">Christentum<\/a> ein <a title=\"Fest (Liturgie)\" href=\"https:\/\/de.wikipedia.org\/wiki\/Fest_(Liturgie)\">Fest<\/a> nach der <a title=\"Ernte\" href=\"https:\/\/de.wikipedia.org\/wiki\/Ernte\">Ernte<\/a> im Herbst, bei dem die Gl\u00e4ubigen <a title=\"Gott (Christentum)\" href=\"https:\/\/de.wikipedia.org\/wiki\/Gott_(Christentum)\">Gott<\/a> f\u00fcr die Gaben der Ernte danken\u201c, sagt uns Wikipeda.<\/p>\n<p>Wie findet heute Erntedank statt? In vielen l\u00e4ndlichen Orten und auch in unserer Samtgemeinde finden allj\u00e4hrlich, in der Regel in den ersten Tagen des Oktobers, Erntedankfeiern statt. In den Kirchen werden zum Teil <a title=\"Feldfrucht\" href=\"https:\/\/de.wikipedia.org\/wiki\/Feldfrucht\">Feldfr\u00fcchte<\/a>, <a title=\"Getreide\" href=\"https:\/\/de.wikipedia.org\/wiki\/Getreide\">Getreide<\/a> und <a title=\"Obst\" href=\"https:\/\/de.wikipedia.org\/wiki\/Obst\">Obst<\/a> dekorativ aufgestellt. Mit dem Erntedankfest soll in <a title=\"Dankbarkeit\" href=\"https:\/\/de.wikipedia.org\/wiki\/Dankbarkeit\">Dankbarkeit<\/a> an den Ertrag in Landwirtschaft und G\u00e4rten erinnert werden \u2013 und auch daran, dass es nicht allein in der Hand des Menschen liegt, \u00fcber ausreichend Nahrung zu verf\u00fcgen. Wir w\u00fcnschen Ihnen, liebe Leserinnen und Leser, viel Freude beim Lesen \u00fcber die Erntefeste in unserer Samtgemeinde sowie vielen weiteren, interessanten Themen.<\/p>\n<p>Halten Sie eine wetterfeste Jacke f\u00fcr die anstehenden Wetterkapriolen bereit, genie\u00dfen Sie die letzten warmen Herbsttage und vergessen Sie nicht den \u201eHerbststurm\u201c in S\u00f6gels Gesch\u00e4ften am 08. November.<\/p>\n<p>Ihr Redaktionsteam<\/p>\n","protected":false},"excerpt":{"rendered":"\u201eDas Erntedankfest (auch Erntedank, Erntefest) ist im Christentum ein Fest nach der Ernte im Herbst, bei dem die Gl\u00e4ubigen Gott f\u00fcr die Gaben der Ernte danken\u201c, sagt uns Wikipeda. Wie findet heute Erntedank statt? In vielen l\u00e4ndlichen Orten und auch in unserer Samtgemeinde finden allj\u00e4hrlich, in der Regel in den ersten Tagen des Oktobers, Erntedankfeiern [&hellip;]\n","protected":false},"author":2,"featured_media":0,"comment_status":"closed","ping_status":"closed","sticky":false,"template":"","format":"standard","meta":{"ngg_post_thumbnail":0,"footnotes":""},"categories":[393],"tags":[],"class_list":["post-17444","post","type-post","status-publish","format-standard","hentry","category-vorwort"],"_links":{"self":[{"href":"https:\/\/www.forum-soegel.de\/information\/wp-json\/wp\/v2\/posts\/17444","targetHints":{"allow":["GET"]}}],"collection":[{"href":"https:\/\/www.forum-soegel.de\/information\/wp-json\/wp\/v2\/posts"}],"about":[{"href":"https:\/\/www.forum-soegel.de\/information\/wp-json\/wp\/v2\/types\/post"}],"author":[{"embeddable":true,"href":"https:\/\/www.forum-soegel.de\/information\/wp-json\/wp\/v2\/users\/2"}],"replies":[{"embeddable":true,"href":"https:\/\/www.forum-soegel.de\/information\/wp-json\/wp\/v2\/comments?post=17444"}],"version-history":[{"count":3,"href":"https:\/\/www.forum-soegel.de\/information\/wp-json\/wp\/v2\/posts\/17444\/revisions"}],"predecessor-version":[{"id":17722,"href":"https:\/\/www.forum-soegel.de\/information\/wp-json\/wp\/v2\/posts\/17444\/revisions\/17722"}],"wp:attachment":[{"href":"https:\/\/www.forum-soegel.de\/information\/wp-json\/wp\/v2\/media?parent=17444"}],"wp:term":[{"taxonomy":"category","embeddable":true,"href":"https:\/\/www.forum-soegel.de\/information\/wp-json\/wp\/v2\/categories?post=17444"},{"taxonomy":"post_tag","embeddable":true,"href":"https:\/\/www.forum-soegel.de\/information\/wp-json\/wp\/v2\/tags?post=17444"}],"curies":[{"name":"wp","href":"https:\/\/api.w.org\/{rel}","templated":true}]}}