{"id":17442,"date":"2015-11-21T21:37:01","date_gmt":"2015-11-21T20:37:01","guid":{"rendered":"https:\/\/www.forum-soegel.de\/information\/?p=17442"},"modified":"2015-11-21T21:37:01","modified_gmt":"2015-11-21T20:37:01","slug":"sozialverband-sovd-ortsverband-sogel","status":"publish","type":"post","link":"https:\/\/www.forum-soegel.de\/information\/2015\/11\/sozialverband-sovd-ortsverband-sogel\/","title":{"rendered":"Sozialverband SoVD  Ortsverband S\u00f6gel"},"content":{"rendered":"<p style=\"text-align: left;\" align=\"center\"><strong>Ein Verband stellt sich vor<\/strong><\/p>\n<p>S\u00f6gel &#8211; Der Sozialverband SoVD OV S\u00f6gel hat im Augenblick ca. 400 Mitglieder. Viele Menschen haben Anspruch auf Leistungen aus den sozialen Sicherungssystemen, sto\u00dfen aber immer wieder auf viele Fragen. In welcher Lebenslage kann ich welche Leistungen erhalten? Woher bekomme ich diese Leistungen? Der SoVD-Kreisverband Emsland hilft Ihnen und ber\u00e4t zu allen Fragen des Sozialrechts. Wir informieren Sie dar\u00fcber, was Ihnen zusteht und helfen Ihnen bei der Antragstellung. Wir beraten und vertreten Sie in folgenden Bereichen: Rente, Arbeitslosengeld II (Hartz IV), Krankenversicherung, Pflege, Sozialhilfe, Behinderung, Berufskrankheit, Arbeitsunfall, Staatliche Entsch\u00e4digungsleistungen, Medizinische und Berufliche Rehabilitation, Befreiung von Rundfunkgeb\u00fchren.<\/p>\n<p>Wir setzen uns aber auch f\u00fcr die Integration behinderter Menschen in unserer Gesellschaft ein. Unser Ziel ist, dass Menschen mit Behinderungen aller Altersgruppen ein selbstbestimmtes Leben f\u00fchren k\u00f6nnen.<\/p>\n<p>So haben wir uns vom SoVD Ortsverband S\u00f6gel zusammen mit dem Wirtschaftsverband S\u00f6gel und der Emslandinitiative \u201eGehwege rund um das Schloss f\u00fcr alle Menschen\u201c sehr intensiv f\u00fcr barrierefreie Gehwege beim Schloss Clemenswerth eingesetzt. An unseren 2 Informationsveranstaltungen im Heimathaus S\u00f6gel am 23.09.2015 und am 01.10.2015 im Saal Clemenswerther Hof in S\u00f6gel haben ann\u00e4hernd 300 Personen teilgenommen. Das hat uns gezeigt, dass dieses Thema die Menschen interessiert.<\/p>\n<p>Wir haben gemeinsam mit einigen Rollstuhlfahrern und gehbehinderten Menschen an der Kreistagssitzung am 05.10.2015 im Meppener Kreishaus teilgenommen und in der B\u00fcrgerfragestunde die M\u00f6glichkeit genutzt um den Kreistagsabgeordneten und dem Landrat einige Fragen zu stellen sowie unsere Auffassung \u00fcber barrierefreie Wege auf dem Schlossplatz Clemenswerth kundzutun. Die Presse hat hier\u00fcber umfangreich berichtet. Erste Erfolge sind inzwischen zu verzeichnen.<\/p>\n<p>Wie zu lesen war, will der Landkreis Emsland jetzt eine \u201eTestwegestrecke\u201c herstellen. Wenn diese Teststrecke nicht f\u00fcr Rollstuhlfahrer entsprechend befahrbar ist, soll es nach Aussage des Landrates einen Plan B geben. Wie der aussehen kann, wurde uns bisher nicht offenbart.<\/p>\n<p>Mit einer kleinen Gruppe nehmen wir weiterhin an der Sitzung des Ausschusses f\u00fcr Kultur und Tourismus am 05. November 2015 im Kreishaus in Meppen teil.<\/p>\n<p>Wir setzen uns f\u00fcr diese Sache ehrenamtlich ein. Wenn Sie den SoVD OV S\u00f6gel unterst\u00fctzen m\u00f6chten, k\u00f6nnen Sie das mit einer Mitgliedschaft tun. Die Mitgliedsbeitr\u00e4ge sind sehr niedrig. Einzelpersonen zahlen z.Zt. 5,00 \u20ac monatlich, Partnermitgliedschaft betr\u00e4gt 7,15 \u20ac und Familienmitgliedschaft 9,00 \u20ac monatlich. Die Beitr\u00e4ge sollen ab 01.01.2016 moderat angehoben werden.<\/p>\n<p>Auskunft erteilen der Vorsitzende Gerd Gerdes, Schillerstra\u00dfe 11, 49751 S\u00f6gel, Tel. 05952 \u2013 98 444 oder auch die Vorstandsmitglieder. Internet: <a href=\"https:\/\/www.sovd-emsland.de\/\">www.sovd-emsland.de<\/a>.<\/p>\n<p>Text\/Foto: Sozialverband SoVD Ortsverband S\u00f6gel<\/p>\n<p>&nbsp;<\/p>\n","protected":false},"excerpt":{"rendered":"Ein Verband stellt sich vor S\u00f6gel &#8211; Der Sozialverband SoVD OV S\u00f6gel hat im Augenblick ca. 400 Mitglieder. Viele Menschen haben Anspruch auf Leistungen aus den sozialen Sicherungssystemen, sto\u00dfen aber immer wieder auf viele Fragen. In welcher Lebenslage kann ich welche Leistungen erhalten? Woher bekomme ich diese Leistungen? Der SoVD-Kreisverband Emsland hilft Ihnen und ber\u00e4t [&hellip;]\n","protected":false},"author":2,"featured_media":0,"comment_status":"closed","ping_status":"closed","sticky":false,"template":"","format":"standard","meta":{"ngg_post_thumbnail":0,"footnotes":""},"categories":[3],"tags":[],"class_list":["post-17442","post","type-post","status-publish","format-standard","hentry","category-aktuelles-aus-der-region"],"_links":{"self":[{"href":"https:\/\/www.forum-soegel.de\/information\/wp-json\/wp\/v2\/posts\/17442","targetHints":{"allow":["GET"]}}],"collection":[{"href":"https:\/\/www.forum-soegel.de\/information\/wp-json\/wp\/v2\/posts"}],"about":[{"href":"https:\/\/www.forum-soegel.de\/information\/wp-json\/wp\/v2\/types\/post"}],"author":[{"embeddable":true,"href":"https:\/\/www.forum-soegel.de\/information\/wp-json\/wp\/v2\/users\/2"}],"replies":[{"embeddable":true,"href":"https:\/\/www.forum-soegel.de\/information\/wp-json\/wp\/v2\/comments?post=17442"}],"version-history":[{"count":1,"href":"https:\/\/www.forum-soegel.de\/information\/wp-json\/wp\/v2\/posts\/17442\/revisions"}],"predecessor-version":[{"id":17443,"href":"https:\/\/www.forum-soegel.de\/information\/wp-json\/wp\/v2\/posts\/17442\/revisions\/17443"}],"wp:attachment":[{"href":"https:\/\/www.forum-soegel.de\/information\/wp-json\/wp\/v2\/media?parent=17442"}],"wp:term":[{"taxonomy":"category","embeddable":true,"href":"https:\/\/www.forum-soegel.de\/information\/wp-json\/wp\/v2\/categories?post=17442"},{"taxonomy":"post_tag","embeddable":true,"href":"https:\/\/www.forum-soegel.de\/information\/wp-json\/wp\/v2\/tags?post=17442"}],"curies":[{"name":"wp","href":"https:\/\/api.w.org\/{rel}","templated":true}]}}