{"id":17439,"date":"2015-11-21T21:33:44","date_gmt":"2015-11-21T20:33:44","guid":{"rendered":"https:\/\/www.forum-soegel.de\/information\/?p=17439"},"modified":"2015-11-21T21:33:44","modified_gmt":"2015-11-21T20:33:44","slug":"strasenrenovierung-borger-%e2%80%93-borgerwald","status":"publish","type":"post","link":"https:\/\/www.forum-soegel.de\/information\/2015\/11\/strasenrenovierung-borger-%e2%80%93-borgerwald\/","title":{"rendered":"Stra\u00dfenrenovierung B\u00f6rger \u2013 B\u00f6rgerwald"},"content":{"rendered":"<p>B\u00f6rger &#8211; Die Stra\u00dfe von B\u00f6rger nach B\u00f6rgerwald wurde im Oktober mit einer neuen Verschlei\u00dfschicht versehen. Die Arbeiten begannen in B\u00f6rger etwa in H\u00f6he der Kreuzung Herbergsweg-Ringstra\u00dfe und Waldstra\u00dfe. Die Stra\u00dfe wurde wegen der Bauarbeiten komplett gesperrt. Die Umleitung erfolgte \u00fcber Neub\u00f6rger oder Breddenberg. Ortskundige fuhren auch am Kolpingkreuz vorbei Richtung B\u00f6rgerwald. Ein weiterer Weg f\u00fchrte durch die D\u00fcnen am Segelflugplatz vorbei bis zur Kreuzallee. Wegen der zahlreichen Maiserntewagen waren diese Wege allerdings sehr eng.<\/p>\n<p>Text\/Foto: Hubert Westerhoff<\/p>\n<div id=\"attachment_17440\" style=\"width: 310px\" class=\"wp-caption alignnone\"><a href=\"https:\/\/www.forum-soegel.de\/information\/wp-content\/uploads\/2015\/11\/Stra\u00dfenrenovierung-B\u00f6rger-B\u00f6rgerwald.jpg\"><img loading=\"lazy\" decoding=\"async\" aria-describedby=\"caption-attachment-17440\" class=\"size-medium wp-image-17440\" title=\"Stra\u00dfenrenovierung B\u00f6rger - B\u00f6rgerwald\" src=\"https:\/\/www.forum-soegel.de\/information\/wp-content\/uploads\/2015\/11\/Stra\u00dfenrenovierung-B\u00f6rger-B\u00f6rgerwald-300x200.jpg\" alt=\"\" width=\"300\" height=\"200\" srcset=\"https:\/\/www.forum-soegel.de\/information\/wp-content\/uploads\/2015\/11\/Stra\u00dfenrenovierung-B\u00f6rger-B\u00f6rgerwald-300x200.jpg 300w, https:\/\/www.forum-soegel.de\/information\/wp-content\/uploads\/2015\/11\/Stra\u00dfenrenovierung-B\u00f6rger-B\u00f6rgerwald.jpg 1024w\" sizes=\"auto, (max-width: 300px) 100vw, 300px\" \/><\/a><p id=\"caption-attachment-17440\" class=\"wp-caption-text\">Die Stra\u00dfe wird abgefr\u00e4st<\/p><\/div>\n","protected":false},"excerpt":{"rendered":"B\u00f6rger &#8211; Die Stra\u00dfe von B\u00f6rger nach B\u00f6rgerwald wurde im Oktober mit einer neuen Verschlei\u00dfschicht versehen. Die Arbeiten begannen in B\u00f6rger etwa in H\u00f6he der Kreuzung Herbergsweg-Ringstra\u00dfe und Waldstra\u00dfe. Die Stra\u00dfe wurde wegen der Bauarbeiten komplett gesperrt. Die Umleitung erfolgte \u00fcber Neub\u00f6rger oder Breddenberg. Ortskundige fuhren auch am Kolpingkreuz vorbei Richtung B\u00f6rgerwald. Ein weiterer Weg [&hellip;]\n","protected":false},"author":2,"featured_media":0,"comment_status":"closed","ping_status":"closed","sticky":false,"template":"","format":"standard","meta":{"ngg_post_thumbnail":0,"footnotes":""},"categories":[3],"tags":[],"class_list":["post-17439","post","type-post","status-publish","format-standard","hentry","category-aktuelles-aus-der-region"],"_links":{"self":[{"href":"https:\/\/www.forum-soegel.de\/information\/wp-json\/wp\/v2\/posts\/17439","targetHints":{"allow":["GET"]}}],"collection":[{"href":"https:\/\/www.forum-soegel.de\/information\/wp-json\/wp\/v2\/posts"}],"about":[{"href":"https:\/\/www.forum-soegel.de\/information\/wp-json\/wp\/v2\/types\/post"}],"author":[{"embeddable":true,"href":"https:\/\/www.forum-soegel.de\/information\/wp-json\/wp\/v2\/users\/2"}],"replies":[{"embeddable":true,"href":"https:\/\/www.forum-soegel.de\/information\/wp-json\/wp\/v2\/comments?post=17439"}],"version-history":[{"count":1,"href":"https:\/\/www.forum-soegel.de\/information\/wp-json\/wp\/v2\/posts\/17439\/revisions"}],"predecessor-version":[{"id":17441,"href":"https:\/\/www.forum-soegel.de\/information\/wp-json\/wp\/v2\/posts\/17439\/revisions\/17441"}],"wp:attachment":[{"href":"https:\/\/www.forum-soegel.de\/information\/wp-json\/wp\/v2\/media?parent=17439"}],"wp:term":[{"taxonomy":"category","embeddable":true,"href":"https:\/\/www.forum-soegel.de\/information\/wp-json\/wp\/v2\/categories?post=17439"},{"taxonomy":"post_tag","embeddable":true,"href":"https:\/\/www.forum-soegel.de\/information\/wp-json\/wp\/v2\/tags?post=17439"}],"curies":[{"name":"wp","href":"https:\/\/api.w.org\/{rel}","templated":true}]}}