{"id":17428,"date":"2015-11-01T13:22:29","date_gmt":"2015-11-01T12:22:29","guid":{"rendered":"https:\/\/www.forum-soegel.de\/information\/?p=17428"},"modified":"2015-11-01T13:22:29","modified_gmt":"2015-11-01T12:22:29","slug":"weihnachtsausstellungen-in-spahnharrenstatte","status":"publish","type":"post","link":"https:\/\/www.forum-soegel.de\/information\/2015\/11\/weihnachtsausstellungen-in-spahnharrenstatte\/","title":{"rendered":"Weihnachtsausstellungen in Spahnharrenst\u00e4tte"},"content":{"rendered":"<p>Spahnharrenst\u00e4tte &#8211; Wie in jedem Jahr, finden\u00a0 am Sonntag, dem 22.12.2015 die Weihnachtsbuchausstellung der K\u00d6B\u00a0 und die Handarbeitsausstellung der Basargruppe Spahnharrenst\u00e4tte statt. Beginn der Veranstaltung ist um 14.00 Uhr in L\u00fcns Hus. F\u00fcr Kaffee, Tee und ein reichhaltiges Kuchenbuffet ist gesorgt.<\/p>\n<p>&nbsp;<\/p>\n<p>Text: MW<\/p>\n","protected":false},"excerpt":{"rendered":"Spahnharrenst\u00e4tte &#8211; Wie in jedem Jahr, finden\u00a0 am Sonntag, dem 22.12.2015 die Weihnachtsbuchausstellung der K\u00d6B\u00a0 und die Handarbeitsausstellung der Basargruppe Spahnharrenst\u00e4tte statt. Beginn der Veranstaltung ist um 14.00 Uhr in L\u00fcns Hus. F\u00fcr Kaffee, Tee und ein reichhaltiges Kuchenbuffet ist gesorgt. &nbsp; Text: MW\n","protected":false},"author":2,"featured_media":0,"comment_status":"closed","ping_status":"closed","sticky":false,"template":"","format":"standard","meta":{"ngg_post_thumbnail":0,"footnotes":""},"categories":[3],"tags":[],"class_list":["post-17428","post","type-post","status-publish","format-standard","hentry","category-aktuelles-aus-der-region"],"_links":{"self":[{"href":"https:\/\/www.forum-soegel.de\/information\/wp-json\/wp\/v2\/posts\/17428","targetHints":{"allow":["GET"]}}],"collection":[{"href":"https:\/\/www.forum-soegel.de\/information\/wp-json\/wp\/v2\/posts"}],"about":[{"href":"https:\/\/www.forum-soegel.de\/information\/wp-json\/wp\/v2\/types\/post"}],"author":[{"embeddable":true,"href":"https:\/\/www.forum-soegel.de\/information\/wp-json\/wp\/v2\/users\/2"}],"replies":[{"embeddable":true,"href":"https:\/\/www.forum-soegel.de\/information\/wp-json\/wp\/v2\/comments?post=17428"}],"version-history":[{"count":1,"href":"https:\/\/www.forum-soegel.de\/information\/wp-json\/wp\/v2\/posts\/17428\/revisions"}],"predecessor-version":[{"id":17429,"href":"https:\/\/www.forum-soegel.de\/information\/wp-json\/wp\/v2\/posts\/17428\/revisions\/17429"}],"wp:attachment":[{"href":"https:\/\/www.forum-soegel.de\/information\/wp-json\/wp\/v2\/media?parent=17428"}],"wp:term":[{"taxonomy":"category","embeddable":true,"href":"https:\/\/www.forum-soegel.de\/information\/wp-json\/wp\/v2\/categories?post=17428"},{"taxonomy":"post_tag","embeddable":true,"href":"https:\/\/www.forum-soegel.de\/information\/wp-json\/wp\/v2\/tags?post=17428"}],"curies":[{"name":"wp","href":"https:\/\/api.w.org\/{rel}","templated":true}]}}