{"id":17424,"date":"2015-11-01T13:17:18","date_gmt":"2015-11-01T12:17:18","guid":{"rendered":"https:\/\/www.forum-soegel.de\/information\/?p=17424"},"modified":"2015-11-01T13:21:42","modified_gmt":"2015-11-01T12:21:42","slug":"sogeler-weihnachtsmarkt-auf-dem-heimathof-am-28-und-am-29-november-2015","status":"publish","type":"post","link":"https:\/\/www.forum-soegel.de\/information\/2015\/11\/sogeler-weihnachtsmarkt-auf-dem-heimathof-am-28-und-am-29-november-2015\/","title":{"rendered":"S\u00f6geler Weihnachtsmarkt auf dem Heimathof am 28. und am 29. November 2015"},"content":{"rendered":"<p>Der Heimatverein S\u00f6gel als Veranstalter l\u00e4dt Sie, liebe Leserinnen und Leser, auch in diesem Jahr wieder ganz herzlich zum Weihnachtsmarkt auf den Heimathof ein.<\/p>\n<p>&nbsp;<\/p>\n<p>Die Mitglieder des Vorstands haben beschlossen, dieses Jahr den Markt unter das besondere Motto<\/p>\n<p>&nbsp;<\/p>\n<p align=\"center\">Markt der Begegnung<\/p>\n<p>zu stellen.<\/p>\n<p>&nbsp;<\/p>\n<p>Dazu wollen sie, mit Unterst\u00fctzung der Gemeinde und der Kirchen, \u00a0die derzeitigen Bewohner des alten Rathauses einladen.<\/p>\n<p>&nbsp;<\/p>\n<p>Ebenfalls herzlich eingeladen werden sollen die Mitb\u00fcrger\/innen aus den osteurop\u00e4ischen L\u00e4ndern, die hier bei uns arbeiten.<\/p>\n<p>In diesem Zusammenhang ist es gelungen, erg\u00e4nzend zu dem bekannten Programmablauf den \u201eKalinka \u2013 Chor\u201c zu gewinnen.<\/p>\n<p>&nbsp;<\/p>\n<p>Besonders erfreut sind die Verantwortlichen \u00fcber die Zusage der Gemeindevertreter, auch f\u00fcr dieses Jahr die gleichbleibende Unterst\u00fctzung zu erhalten, was den Aufbau, die Gestaltung und die Sicherung auf dem Gel\u00e4nde betrifft.<\/p>\n<p>&nbsp;<\/p>\n<p>Zum Programmablauf<\/p>\n<p>&nbsp;<\/p>\n<p>Samstag\u00a0 \u00a0\u00a0\u00a0\u00a0\u00a0\u00a0\u00a0 16:00 Uhr bis 22:00 Uhr<\/p>\n<p>&nbsp;<\/p>\n<p>16:00 Uhr\u00a0\u00a0\u00a0\u00a0\u00a0\u00a0\u00a0\u00a0\u00a0\u00a0\u00a0\u00a0\u00a0\u00a0\u00a0\u00a0\u00a0\u00a0\u00a0\u00a0 Er\u00f6ffnung des Marktes<\/p>\n<p>17:00 Uhr\u00a0\u00a0\u00a0\u00a0\u00a0\u00a0\u00a0\u00a0\u00a0\u00a0\u00a0\u00a0\u00a0\u00a0\u00a0\u00a0\u00a0\u00a0\u00a0\u00a0 Familienmesse in der Jakobuskirche<\/p>\n<p>Mit anschl. Fackelzug in Begleitung der Kolpingskapelle\u00a0\u00a0\u00a0\u00a0\u00a0\u00a0\u00a0\u00a0\u00a0\u00a0\u00a0\u00a0\u00a0\u00a0\u00a0\u00a0\u00a0\u00a0\u00a0\u00a0\u00a0\u00a0\u00a0\u00a0\u00a0\u00a0\u00a0\u00a0\u00a0\u00a0\u00a0\u00a0\u00a0\u00a0 \u00a0\u00a0\u00a0\u00a0\u00a0\u00a0\u00a0\u00a0\u00a0\u00a0\u00a0\u00a0\u00a0\u00a0\u00a0\u00a0\u00a0\u00a0\u00a0\u00a0\u00a0\u00a0\u00a0 zum Weihnachtsmarkt<\/p>\n<p>&nbsp;<\/p>\n<p>18:30 Uhr\u00a0\u00a0\u00a0\u00a0\u00a0\u00a0\u00a0\u00a0\u00a0\u00a0\u00a0\u00a0\u00a0\u00a0\u00a0\u00a0\u00a0\u00a0\u00a0\u00a0 Auftritt \u201eMini-Chor\u201c<\/p>\n<p>&nbsp;<\/p>\n<p>Sonntag\u00a0\u00a0\u00a0\u00a0\u00a0\u00a0\u00a0\u00a0\u00a0\u00a0 13:00 Uhr bis 19:00 Uhr<\/p>\n<p>&nbsp;<\/p>\n<p>14:00 Uhr bis 16:00 Uhr\u00a0 Nikolausbescherung<\/p>\n<p>&nbsp;<\/p>\n<p>Buntes Nachmittagsprogramm f\u00fcr Jung und Alt<\/p>\n<p>&nbsp;<\/p>\n<p>Kaffeetafel im Heimathaus<\/p>\n<p>&nbsp;<\/p>\n<p>Musikalischer Rahmen mit den Trecksacksp\u00e4lern, dem Kalinka- Chor und den S\u00f6geler Musikfreunden<\/p>\n<p>&nbsp;<\/p>\n<p>Heimatverein und Aussteller sind sich ganz sicher, dass die Teilnahme an diesem Markt ein ganz besonderes Erlebnis wird.<\/p>\n<p>&nbsp;<\/p>\n<p align=\"center\">Der Vorstand freut sich auf Ihr Kommen<\/p>\n<p>&nbsp;<\/p>\n<p align=\"center\"><strong>Herzlich willkommen<\/strong><strong> &#8211;\u00a0 <\/strong><strong>Dobro do\u0161li<\/strong><strong> \u2013 <\/strong><strong>Witajcie<\/strong><strong> \u2013 <\/strong><strong>V\u00edtejte<\/strong><strong> \u2013 <\/strong><\/p>\n<p align=\"center\"><strong>\u00a0<\/strong><\/p>\n<p align=\"center\"><strong>\u041b\u0430\u0441\u043a\u0430\u0432\u043e<\/strong><strong> <\/strong><strong>\u043f\u0440\u043e\u0441\u0438\u043c\u043e \u2013 <\/strong><\/p>\n<p align=\"center\"><strong>\u00a0<\/strong><\/p>\n<p align=\"center\"><strong>Welcome<\/strong><strong> <\/strong>\u00a0\u00a0&#8211; <strong>Haartelijk welkom<\/strong><\/p>\n<p>&nbsp;<\/p>\n<p>&nbsp;<\/p>\n","protected":false},"excerpt":{"rendered":"Der Heimatverein S\u00f6gel als Veranstalter l\u00e4dt Sie, liebe Leserinnen und Leser, auch in diesem Jahr wieder ganz herzlich zum Weihnachtsmarkt auf den Heimathof ein. &nbsp; Die Mitglieder des Vorstands haben beschlossen, dieses Jahr den Markt unter das besondere Motto &nbsp; Markt der Begegnung zu stellen. &nbsp; Dazu wollen sie, mit Unterst\u00fctzung der Gemeinde und der [&hellip;]\n","protected":false},"author":2,"featured_media":0,"comment_status":"closed","ping_status":"closed","sticky":false,"template":"","format":"standard","meta":{"ngg_post_thumbnail":0,"footnotes":""},"categories":[3],"tags":[],"class_list":["post-17424","post","type-post","status-publish","format-standard","hentry","category-aktuelles-aus-der-region"],"_links":{"self":[{"href":"https:\/\/www.forum-soegel.de\/information\/wp-json\/wp\/v2\/posts\/17424","targetHints":{"allow":["GET"]}}],"collection":[{"href":"https:\/\/www.forum-soegel.de\/information\/wp-json\/wp\/v2\/posts"}],"about":[{"href":"https:\/\/www.forum-soegel.de\/information\/wp-json\/wp\/v2\/types\/post"}],"author":[{"embeddable":true,"href":"https:\/\/www.forum-soegel.de\/information\/wp-json\/wp\/v2\/users\/2"}],"replies":[{"embeddable":true,"href":"https:\/\/www.forum-soegel.de\/information\/wp-json\/wp\/v2\/comments?post=17424"}],"version-history":[{"count":2,"href":"https:\/\/www.forum-soegel.de\/information\/wp-json\/wp\/v2\/posts\/17424\/revisions"}],"predecessor-version":[{"id":17427,"href":"https:\/\/www.forum-soegel.de\/information\/wp-json\/wp\/v2\/posts\/17424\/revisions\/17427"}],"wp:attachment":[{"href":"https:\/\/www.forum-soegel.de\/information\/wp-json\/wp\/v2\/media?parent=17424"}],"wp:term":[{"taxonomy":"category","embeddable":true,"href":"https:\/\/www.forum-soegel.de\/information\/wp-json\/wp\/v2\/categories?post=17424"},{"taxonomy":"post_tag","embeddable":true,"href":"https:\/\/www.forum-soegel.de\/information\/wp-json\/wp\/v2\/tags?post=17424"}],"curies":[{"name":"wp","href":"https:\/\/api.w.org\/{rel}","templated":true}]}}