{"id":17416,"date":"2015-11-01T13:09:12","date_gmt":"2015-11-01T12:09:12","guid":{"rendered":"https:\/\/www.forum-soegel.de\/information\/?p=17416"},"modified":"2015-11-01T13:09:25","modified_gmt":"2015-11-01T12:09:25","slug":"bundesmeldegesetz-%e2%80%93-wohnungsgeberbestatigung","status":"publish","type":"post","link":"https:\/\/www.forum-soegel.de\/information\/2015\/11\/bundesmeldegesetz-%e2%80%93-wohnungsgeberbestatigung\/","title":{"rendered":"Bundesmeldegesetz \u2013 Wohnungsgeberbest\u00e4tigung"},"content":{"rendered":"<p><strong>Zum 01. November 2015 tritt das neue Bundesmeldegesetz in Kraft und l\u00f6st die bestehenden melderechtlichen Vorschriften ab. <\/strong><\/p>\n<p><strong><\/strong>Es bleibt bei der Pflicht der An- und Abmeldung bei der Meldebeh\u00f6rde. Wer eine Wohnung bezieht, hat sich innerhalb von <strong>zwei<\/strong> Wochen nach dem Einzug bei der Meldebeh\u00f6rde anzumelden. Alle zuziehenden Personen m\u00fcssen bei der Anmeldung den g\u00fcltigen Personalausweis und\/oder den Reisepass vorlegen. Neu ist die Vorlage einer Best\u00e4tigung des Wohnungsgebers \u00fcber den erfolgten Wohnungsbezug. Hierf\u00fcr gibt es ein bundeseinheitliches Formular, das den Namen und die Anschrift des Wohnungsgebers enth\u00e4lt, ferner das Datum des Ein- oder Auszugs, die Anschrift der Wohnung und die Namen der meldepflichtigen Personen.<\/p>\n<p>Wohnungsgeber ist derjenige, der einer anderen Person, die nicht zur Familiengemeinschaft geh\u00f6rt, eine Wohnung (einzelner Raum oder mehrere R\u00e4ume) tats\u00e4chlich willentlich zur Benutzung \u00fcberl\u00e4sst. Dies ist in der Regel der Wohnungseigent\u00fcmer. Im Falle der Untervermietung ist Wohnungsgeber jedoch der Hauptmieter, der R\u00e4umlichkeiten einer gemieteten Wohnung einer dritten Person zum selbst\u00e4ndigen Gebrauch in der Regel entgeltlich \u00fcberl\u00e4sst. Der Wohnungsgeber ist verpflichtet, eine Wohnungsgeberbescheinigung auszustellen und sie der meldepflichtigen Person auszuh\u00e4ndigen. Die neue Regelung soll mehr Sicherheit schaffen und sogenannten Scheinanmeldungen vorbeugen. Das Anmelden unter einer falschen Anschrift wird nun deutlich erschwert. Wie bisher bleibt es dabei, dass bei einem Umzug lediglich am neuen Wohnort eine Anmeldung durchgef\u00fchrt werden muss und die Abmeldung am alten Wohnort automatisch erfolgt. Der Auszug aus der alten Wohnung muss nur dann gemeldet werden, wenn ein Wegzug ins Ausland stattfindet. Auch in diesem Fall muss der Wohnungsgeber den Auszug bescheinigen.<\/p>\n<p>Die Wohnungsgeberbest\u00e4tigung kann ab sofort auf der Internetseite <a href=\"https:\/\/www.soegel.de\/\">www.soegel.de<\/a> im Bereich \u201eB\u00fcrgerservice\u201c und dem Unterpunkt \u201eFormulare\u201c heruntergeladen werden. Die Mitarbeiterinnen und Mitarbeiter des Fachbereiches B\u00fcrgerservice stehen f\u00fcr R\u00fcckfragen unter der Telefonnummer 05952\/206-125 gerne zur Verf\u00fcgung.<\/p>\n<p>Text: Ingrid Cloppenburg<\/p>\n<p>&nbsp;<\/p>\n<p>&nbsp;<\/p>\n","protected":false},"excerpt":{"rendered":"Zum 01. November 2015 tritt das neue Bundesmeldegesetz in Kraft und l\u00f6st die bestehenden melderechtlichen Vorschriften ab. Es bleibt bei der Pflicht der An- und Abmeldung bei der Meldebeh\u00f6rde. Wer eine Wohnung bezieht, hat sich innerhalb von zwei Wochen nach dem Einzug bei der Meldebeh\u00f6rde anzumelden. Alle zuziehenden Personen m\u00fcssen bei der Anmeldung den g\u00fcltigen [&hellip;]\n","protected":false},"author":2,"featured_media":0,"comment_status":"closed","ping_status":"closed","sticky":false,"template":"","format":"standard","meta":{"ngg_post_thumbnail":0,"footnotes":""},"categories":[10],"tags":[],"class_list":["post-17416","post","type-post","status-publish","format-standard","hentry","category-rat-und-verwaltung-informieren"],"_links":{"self":[{"href":"https:\/\/www.forum-soegel.de\/information\/wp-json\/wp\/v2\/posts\/17416","targetHints":{"allow":["GET"]}}],"collection":[{"href":"https:\/\/www.forum-soegel.de\/information\/wp-json\/wp\/v2\/posts"}],"about":[{"href":"https:\/\/www.forum-soegel.de\/information\/wp-json\/wp\/v2\/types\/post"}],"author":[{"embeddable":true,"href":"https:\/\/www.forum-soegel.de\/information\/wp-json\/wp\/v2\/users\/2"}],"replies":[{"embeddable":true,"href":"https:\/\/www.forum-soegel.de\/information\/wp-json\/wp\/v2\/comments?post=17416"}],"version-history":[{"count":2,"href":"https:\/\/www.forum-soegel.de\/information\/wp-json\/wp\/v2\/posts\/17416\/revisions"}],"predecessor-version":[{"id":17418,"href":"https:\/\/www.forum-soegel.de\/information\/wp-json\/wp\/v2\/posts\/17416\/revisions\/17418"}],"wp:attachment":[{"href":"https:\/\/www.forum-soegel.de\/information\/wp-json\/wp\/v2\/media?parent=17416"}],"wp:term":[{"taxonomy":"category","embeddable":true,"href":"https:\/\/www.forum-soegel.de\/information\/wp-json\/wp\/v2\/categories?post=17416"},{"taxonomy":"post_tag","embeddable":true,"href":"https:\/\/www.forum-soegel.de\/information\/wp-json\/wp\/v2\/tags?post=17416"}],"curies":[{"name":"wp","href":"https:\/\/api.w.org\/{rel}","templated":true}]}}