{"id":17414,"date":"2015-11-01T13:07:24","date_gmt":"2015-11-01T12:07:24","guid":{"rendered":"https:\/\/www.forum-soegel.de\/information\/?p=17414"},"modified":"2015-11-01T13:07:24","modified_gmt":"2015-11-01T12:07:24","slug":"fortsetzung%e2%80%a6-versuch-einer-kurzen-darstellung-von-mentalitat-in-der-weimarer-republik-%e2%80%93-teil-ii","status":"publish","type":"post","link":"https:\/\/www.forum-soegel.de\/information\/2015\/11\/fortsetzung%e2%80%a6-versuch-einer-kurzen-darstellung-von-mentalitat-in-der-weimarer-republik-%e2%80%93-teil-ii\/","title":{"rendered":"Fortsetzung\u2026. Versuch einer kurzen Darstellung von Mentalit\u00e4t in der Weimarer Republik \u2013 TEIL II"},"content":{"rendered":"<p>Historische Gr\u00fcnde einer undemokratischen Einstellung\/Haltung<\/p>\n<p>Wie nun ist die Lage in der Weimarer Republik, dass die nationalsozialistische Menschheitskatastrophe nicht verhindert wurde und ihr sogar Vorschub geleistet wurde, dass \u00fcberspitzt die Weimarer Republik nach Meinung einiger Historiker eine Demokratie ohne (gen\u00fcgend) Demokraten war? Der Philosoph und Soziologe Helmuth Plessner bezeichnete Deutschland im Titel eines seiner B\u00fccher als versp\u00e4tete Nation. Andere Staaten h\u00e4tten ab dem 17. und 18. Jahrhundert Demokratie und ihr Gedankengut verbreiten und in sich aufnehmen k\u00f6nnen.<\/p>\n<p>In Deutschland entwickelte sich Demokratie durchaus im 19. Jahrhundert. Nationalkonservatives Denken blieb jedoch bis 1918 und danach weit verbreitet. Das Chaos zwischen 1918 und 1923 verst\u00e4rkte antidemokratische Ressentiments.<\/p>\n<p>&nbsp;<\/p>\n<p>Die Republik wurde zum Ende des Weltkriegs zweimal ausgerufen: von Scheidemann und von Liebknecht. Beide hatten sehr unterschiedliche Konzepte von Demokratie und Staatsaufbau. Viele Stra\u00dfenk\u00e4mpfe ersch\u00fctterten das Land. Die verfassunggebende Versammlung musste von Berlin nach Weimar ausweichen, um dem Druck der Stra\u00dfe zu entgehen. Mehrere kommunistische Regierungen ergriffen die Macht. Ebert verb\u00fcndete sich mit dem Milit\u00e4r, um Herr der Lage zu werden. Das Milit\u00e4r war \u2013 gelinde gesagt \u2013 nicht von demokratischen Idealen durchdrungen. Sp\u00e4ter ereignete sich der Kapp-Putsch. Der Versailler Vertrag legte Deutschland unertr\u00e4glich hohe Reparationszahlungen auf. Der Vertrag war auch als Kr\u00e4nkung Deutschlands zumindest von Frankreich gedacht und wurde von den Deutschen so empfunden. Nach der Verarmung im Krieg wurden Deutschland und die Deutschen infolge einer unvorstellbaren Hyperinflation noch \u00e4rmer. Die Inflation konnte erst 1923 gestoppt werden.<\/p>\n<p>Angeblich um die Reparationszahlungen zu sichern, besetzten Frankreich und Belgien das Rheinland. Die deutsche Regierung rief dort zum passiven Widerstand auf und finanzierte ihn. Das zerr\u00fcttete die Staatsfinanzen weiter. Ein Abkommen zur Streckung deutscher Schulden l\u00f6ste das andere ab. Deutschland blieb mit den Reparationen jedoch \u00fcberfordert.<\/p>\n<p>Von 1923 bis 1928\/29 stabilisierte sich Deutschland innen- und au\u00dfenpolitisch trotz eines h\u00e4ufigen Wechsels von Regierungen. Die Zeit reichte offenkundig nicht aus, um ein breit gestreutes Vertrauen in die Demokratie wachsen zu lassen. Stresemann starb im Oktober 1929. Er war mit seiner Friedens- und Europapolitik seiner Zeit weit voraus und hatte in dem franz\u00f6sischen Au\u00dfenminister Aristide Briand einen gleichgesinnten Partner gefunden. Heute w\u00fcrde man sagen, mit Stresemann hatten die Demokratie in der Weimarer Republik und die Auss\u00f6hnung mit Frankreich einen \u201eanchorman\u201c verloren.<\/p>\n<p>Der Zusammenbruch der New Yorker B\u00f6rse l\u00f6ste 1929 die Weltwirtschaftskrise aus. Sie hatte gro\u00dfe Arbeitslosigkeit und erneute Verarmung in Deutschland zur Folge. Regierungen wechselten, ohne dass die Lage sich besserte. Immer weniger Menschen identifizierten sich mit Demokratie und Weimarer Republik. Sie erlebten beide als negativ und erinnerten sich wehm\u00fctig an die \u201egute alte Zeit\u201c des Kaiserreichs mit geordneten Zust\u00e4nden, geringer Arbeitslosigkeit und gewissem Wohlstand. Dabei wurden autorit\u00e4re Strukturen des Kaiserreichs, der Weltkrieg und seine Leiden sowie Folgen ausgeblendet. (Eine \u00e4hnliche Verkl\u00e4rung gibt es heute bei DDR-Nostalgikern, die das Unrechtssystem der DDR ausblenden. Auch nach dem 2. Weltkrieg gab es verkl\u00e4rende Einstellungen gegen\u00fcber dem 3. Reich. Es gibt sie leider bis heute noch.)<\/p>\n<p>&nbsp;<\/p>\n<p>Die braune Verlockung<\/p>\n<p>Die Nationalsozialisten gaben sich volksnah, versprachen Ordnung, Stolz, Arbeit, Revanche f\u00fcr die Dem\u00fctigung von Versailles, fanden S\u00fcndenb\u00f6cke in den Juden und in allem \u201eAusl\u00e4ndischen-Undeutschen\u201c. Vor allem ich-schwache Menschen f\u00fchlten sich \u00fcberh\u00f6ht durch die Nazi-Ideologie. Au\u00dfengelenkte Menschen lie\u00dfen sich bereitwillig verf\u00fchren. Sie akzeptierten die Nationalsozialisten als Bezugsgruppe, an der sie sich positiv ausrichteten, und \u00fcbernahmen deren Gedankengut, Werte und Normen in ihre Identit\u00e4t. Zugleich bildeten f\u00fcr viele mit dieser Identit\u00e4t und f\u00fcr andere Menschen demokratische Politiker\u00a0 eine abgelehnte, sogar verachtete Bezugsgruppe. Damit wurde auch die von diesen Politikern getragene Demokratie abgelehnt. Traditionsgelenkte Menschen waren zwar gegen\u00fcber den Nationalsozialisten zun\u00e4chst etwas reserviert, empfanden sie aber als das kleinere \u00dcbel gegen\u00fcber den Weimarer Zust\u00e4nden, da die Nazis an konservative Werte appellierten. Dies gilt umso mehr, als der von traditionsgelenkten Menschen, aber auch von anderen gesch\u00e4tzte Reichspr\u00e4sident Hindenburg Hitler nicht verhindern konnte oder wollte, obwohl er Hitler ver\u00e4chtlich als den b\u00f6hmischen Gefreiten titulierte. Zudem l\u00e4sst sich sagen, dass viele B\u00fcrger, auch Arbeiter, Beamten, Richter, Soldaten und Politiker, die vorher vielleicht noch mehr oder weniger die Republik bejaht hatten, im Laufe der Weltwirtschaftskrise langsam keinen Sinn in der Weimarer Republik sahen. Und Sinn ist einer der wichtigsten Gr\u00fcnde f\u00fcr Legitimierung und Legitimit\u00e4t.<\/p>\n<p>Text: UM<\/p>\n<p>&nbsp;<\/p>\n","protected":false},"excerpt":{"rendered":"Historische Gr\u00fcnde einer undemokratischen Einstellung\/Haltung Wie nun ist die Lage in der Weimarer Republik, dass die nationalsozialistische Menschheitskatastrophe nicht verhindert wurde und ihr sogar Vorschub geleistet wurde, dass \u00fcberspitzt die Weimarer Republik nach Meinung einiger Historiker eine Demokratie ohne (gen\u00fcgend) Demokraten war? Der Philosoph und Soziologe Helmuth Plessner bezeichnete Deutschland im Titel eines seiner B\u00fccher [&hellip;]\n","protected":false},"author":2,"featured_media":0,"comment_status":"closed","ping_status":"closed","sticky":false,"template":"","format":"standard","meta":{"ngg_post_thumbnail":0,"footnotes":""},"categories":[9],"tags":[],"class_list":["post-17414","post","type-post","status-publish","format-standard","hentry","category-vergangenheit-und-gegenwart"],"_links":{"self":[{"href":"https:\/\/www.forum-soegel.de\/information\/wp-json\/wp\/v2\/posts\/17414","targetHints":{"allow":["GET"]}}],"collection":[{"href":"https:\/\/www.forum-soegel.de\/information\/wp-json\/wp\/v2\/posts"}],"about":[{"href":"https:\/\/www.forum-soegel.de\/information\/wp-json\/wp\/v2\/types\/post"}],"author":[{"embeddable":true,"href":"https:\/\/www.forum-soegel.de\/information\/wp-json\/wp\/v2\/users\/2"}],"replies":[{"embeddable":true,"href":"https:\/\/www.forum-soegel.de\/information\/wp-json\/wp\/v2\/comments?post=17414"}],"version-history":[{"count":1,"href":"https:\/\/www.forum-soegel.de\/information\/wp-json\/wp\/v2\/posts\/17414\/revisions"}],"predecessor-version":[{"id":17415,"href":"https:\/\/www.forum-soegel.de\/information\/wp-json\/wp\/v2\/posts\/17414\/revisions\/17415"}],"wp:attachment":[{"href":"https:\/\/www.forum-soegel.de\/information\/wp-json\/wp\/v2\/media?parent=17414"}],"wp:term":[{"taxonomy":"category","embeddable":true,"href":"https:\/\/www.forum-soegel.de\/information\/wp-json\/wp\/v2\/categories?post=17414"},{"taxonomy":"post_tag","embeddable":true,"href":"https:\/\/www.forum-soegel.de\/information\/wp-json\/wp\/v2\/tags?post=17414"}],"curies":[{"name":"wp","href":"https:\/\/api.w.org\/{rel}","templated":true}]}}