{"id":17373,"date":"2015-11-01T12:48:23","date_gmt":"2015-11-01T11:48:23","guid":{"rendered":"https:\/\/www.forum-soegel.de\/information\/?p=17373"},"modified":"2015-11-01T12:48:23","modified_gmt":"2015-11-01T11:48:23","slug":"schulreiten-des-pferdesportverbandes-weser-ems","status":"publish","type":"post","link":"https:\/\/www.forum-soegel.de\/information\/2015\/11\/schulreiten-des-pferdesportverbandes-weser-ems\/","title":{"rendered":"Schulreiten des Pferdesportverbandes Weser-Ems"},"content":{"rendered":"<p><a href=\"https:\/\/www.forum-soegel.de\/information\/wp-content\/uploads\/2015\/11\/Schulreiten-2015.jpg\"><img loading=\"lazy\" decoding=\"async\" class=\"alignleft size-medium wp-image-17374\" title=\"Schulreiten 2015\" src=\"https:\/\/www.forum-soegel.de\/information\/wp-content\/uploads\/2015\/11\/Schulreiten-2015-168x300.jpg\" alt=\"\" width=\"168\" height=\"300\" srcset=\"https:\/\/www.forum-soegel.de\/information\/wp-content\/uploads\/2015\/11\/Schulreiten-2015-168x300.jpg 168w, https:\/\/www.forum-soegel.de\/information\/wp-content\/uploads\/2015\/11\/Schulreiten-2015.jpg 432w\" sizes=\"auto, (max-width: 168px) 100vw, 168px\" \/><\/a>S\u00f6gel &#8211; Im Oktober richtete der Pferdesportverband Weser Ems das traditionelle Schulreiten in 12 Mitgliedsvereinen aus. Auf dem Programm standen Geschicklichkeits- und Springwettbewerbe,Dressurk\u00fcren und Voltigierpr\u00fcfungen, die die Sch\u00fcler mit ihren Pferden und Ponies bravour\u00f6s absolvierten. Nat\u00fcrlich stand der Teamgeist , viel Spass, aber auch das Anfeuern der Schulkameraden im Vordergrund. Vom Ruf S\u00f6gel beteiligten sich Alina Winkel, Lea Sanders, Jessica Skoljar, Tobias Willoh, Mimi Kremer, Wendy Benkemper und Marie Sophie Kleymann an denWettbewerben in Haren und Herzlake und konnten viele Schleifen mit nach Hause bringen.<\/p>\n<p>Weiter geht es f\u00fcr den Reiternachwuchs am 28.11.2015 auf dem Reitertag in der Reithalle S\u00f6gel auf dem J\u00e4gerhof. Die Ausschreibung ist unter reitverein-soegel.de zu finden.<\/p>\n<p>&nbsp;<\/p>\n<p>Text: Ute Rotwitt \/<\/p>\n<p>Foto: RuF S\u00f6gel<\/p>\n<p>&nbsp;<\/p>\n","protected":false},"excerpt":{"rendered":"S\u00f6gel &#8211; Im Oktober richtete der Pferdesportverband Weser Ems das traditionelle Schulreiten in 12 Mitgliedsvereinen aus. Auf dem Programm standen Geschicklichkeits- und Springwettbewerbe,Dressurk\u00fcren und Voltigierpr\u00fcfungen, die die Sch\u00fcler mit ihren Pferden und Ponies bravour\u00f6s absolvierten. Nat\u00fcrlich stand der Teamgeist , viel Spass, aber auch das Anfeuern der Schulkameraden im Vordergrund. Vom Ruf S\u00f6gel beteiligten sich [&hellip;]\n","protected":false},"author":2,"featured_media":0,"comment_status":"closed","ping_status":"closed","sticky":false,"template":"","format":"standard","meta":{"ngg_post_thumbnail":0,"footnotes":""},"categories":[5],"tags":[],"class_list":["post-17373","post","type-post","status-publish","format-standard","hentry","category-was-machen-die-vereine"],"_links":{"self":[{"href":"https:\/\/www.forum-soegel.de\/information\/wp-json\/wp\/v2\/posts\/17373","targetHints":{"allow":["GET"]}}],"collection":[{"href":"https:\/\/www.forum-soegel.de\/information\/wp-json\/wp\/v2\/posts"}],"about":[{"href":"https:\/\/www.forum-soegel.de\/information\/wp-json\/wp\/v2\/types\/post"}],"author":[{"embeddable":true,"href":"https:\/\/www.forum-soegel.de\/information\/wp-json\/wp\/v2\/users\/2"}],"replies":[{"embeddable":true,"href":"https:\/\/www.forum-soegel.de\/information\/wp-json\/wp\/v2\/comments?post=17373"}],"version-history":[{"count":1,"href":"https:\/\/www.forum-soegel.de\/information\/wp-json\/wp\/v2\/posts\/17373\/revisions"}],"predecessor-version":[{"id":17375,"href":"https:\/\/www.forum-soegel.de\/information\/wp-json\/wp\/v2\/posts\/17373\/revisions\/17375"}],"wp:attachment":[{"href":"https:\/\/www.forum-soegel.de\/information\/wp-json\/wp\/v2\/media?parent=17373"}],"wp:term":[{"taxonomy":"category","embeddable":true,"href":"https:\/\/www.forum-soegel.de\/information\/wp-json\/wp\/v2\/categories?post=17373"},{"taxonomy":"post_tag","embeddable":true,"href":"https:\/\/www.forum-soegel.de\/information\/wp-json\/wp\/v2\/tags?post=17373"}],"curies":[{"name":"wp","href":"https:\/\/api.w.org\/{rel}","templated":true}]}}