{"id":16881,"date":"2015-08-02T15:31:12","date_gmt":"2015-08-02T13:31:12","guid":{"rendered":"https:\/\/www.forum-soegel.de\/information\/?p=16881"},"modified":"2015-08-02T15:31:12","modified_gmt":"2015-08-02T13:31:12","slug":"mit-regionalen-genussen-auf-kunsttour","status":"publish","type":"post","link":"https:\/\/www.forum-soegel.de\/information\/2015\/08\/mit-regionalen-genussen-auf-kunsttour\/","title":{"rendered":"Mit regionalen Gen\u00fcssen auf Kunsttour"},"content":{"rendered":"<p>S\u00f6gel &#8211; Eine Fahrt zur Galerie Erik Zwezerijnen in Echten bieten die \u201eH\u00fcmmlinger Hofspezialit\u00e4ten\u201c am 6. September an. Die Abfahrt ist um 11 Uhr in S\u00f6gel am Amtsvogtsweg 42. In Echten besteht die M\u00f6glichkeit zu einem gemeinsamen traditionellen Mittagessen mit anschlie\u00dfendem Besuch der Galerie und etwas Zeit zur freien Verf\u00fcgung. Die R\u00fcckfahrt ist f\u00fcr 17 Uhr geplant. Ein gem\u00fctlicher Ausklang kann im Garten der \u201eH\u00fcmmlinger Hofspezialit\u00e4ten\u201c stattfinden.<\/p>\n<p>Entstanden ist die Idee beim Rosenfest auf Clemenswerth. Zwezerijnen f\u00fchrt drei Galerien, zwei davon in den Niederlanden in Echten und Groningen, eine weitere kleinere Galerie an seinem Wohnort in Klein Ber\u00dfen. Eines seiner Bilder stellte er auch beim Rosenfest am Stand der \u201eH\u00fcmmlinger Hofspezialit\u00e4ten\u201c \u00a0aus \u2013 als Beispiel f\u00fcr weitere Bilder, die Rolfes als Etikett f\u00fcr diverse \u00d6l- und Balsamicoflaschen verwendet hat. Viele G\u00e4ste am Stand der \u201eH\u00fcmmlinger Hofspezialit\u00e4ten\u201c bewunderten nun diese Kombination \u2013 regionales Essen verbunden mit regionaler Kunst.<\/p>\n<p>F\u00fcr Zwezerijnen ist seine Malerei \u201eFreiheit, Kommunikation und Emotion&#8220;. Seit vielen Jahren lebt er ausschlie\u00dflich von der Kunst und hat sich besonders in Amsterdam und Groningen einen Namen gemacht. Am Wochenende ist er in seiner Galerie in Echten bei Hoogeveen in den Niederlanden, sein Sohn betreut seine Galerie in der Groningener Altstadt. In der Woche arbeitet er in seinem Atelier in Klein Ber\u00dfen. Die Motive Zwezerijnens haben immer mit Menschen und Tieren zu tun. \u201eAllerdings liegt mir die realistische Darstellung nicht&#8220;, so der Niederl\u00e4nder. \u201eWenn ich eine Kuh male, erkennt man zwar, dass es eine Kuh ist &#8211; aber es ist meine Kuh.&#8220;\u00a0 Auch bei den Techniken legt der K\u00fcnstler nicht fest. \u201eMalen ist f\u00fcr mich auch immer experimentieren. Ich kombiniere Techniken und probiere aus\u201c, erkl\u00e4rt der Autodidakt. Seine Ehefrau Louisa van den Hof hat sich der Glaskunst verschrieben. Sie bemalt Gl\u00e4ser in ebenso schillernden Farben wie Zwezerijnen mit hochwertiger Farbe. Die fertigen Objekte werden ebenfalls in Zwezerijnens Galerien verkauft.<\/p>\n<p>F\u00fcr alle, die sich f\u00fcr Zwezerijnens Kunst interessieren, aber keine Gelegenheit haben, an dieser Fahrt teilzunehmen, besteht die M\u00f6glichkeit, im Herbst eine Auswahl an Bildern und Gl\u00e4sern in S\u00f6gel zu besichtigen. Dann stellt das Ehepaar seine Werke f\u00fcr drei Monate im Rathaus der Samtgemeinde S\u00f6gel, dem Ludmillenhof, aus.<\/p>\n<p>Anmeldungen k\u00f6nnen gerichtet werden an Maria Rolfes, Handy:\u00a0 0176 83750197, E-Mail: <a href=\"mailto:kontakt@huemmlinger-hofspezialitaeten.de\">kontakt@huemmlinger-hofspezialitaeten.de<\/a>. Im Preis von 20 Euro sind die Hin- und R\u00fcckfahrt sowie eine Verpflegung mit K\u00f6stlichkeiten von den \u201eH\u00fcmmlinger Hofspezialit\u00e4ten\u201c w\u00e4hrend der Busfahrt enthalten.<\/p>\n<p>Text\/Foto: Ingrid Cloppenburg<\/p>\n<div id=\"attachment_16882\" style=\"width: 310px\" class=\"wp-caption alignnone\"><a href=\"https:\/\/www.forum-soegel.de\/information\/wp-content\/uploads\/2015\/08\/Mit-regionalen-Gen\u00fcssen-auf-Kunsttour.jpg\"><img loading=\"lazy\" decoding=\"async\" aria-describedby=\"caption-attachment-16882\" class=\"size-medium wp-image-16882\" title=\"Mit regionalen Gen\u00fcssen auf Kunsttour\" src=\"https:\/\/www.forum-soegel.de\/information\/wp-content\/uploads\/2015\/08\/Mit-regionalen-Gen\u00fcssen-auf-Kunsttour-300x268.jpg\" alt=\"\" width=\"300\" height=\"268\" srcset=\"https:\/\/www.forum-soegel.de\/information\/wp-content\/uploads\/2015\/08\/Mit-regionalen-Gen\u00fcssen-auf-Kunsttour-300x268.jpg 300w, https:\/\/www.forum-soegel.de\/information\/wp-content\/uploads\/2015\/08\/Mit-regionalen-Gen\u00fcssen-auf-Kunsttour.jpg 858w\" sizes=\"auto, (max-width: 300px) 100vw, 300px\" \/><\/a><p id=\"caption-attachment-16882\" class=\"wp-caption-text\">: Eine Kunsttour nach Echten\/NL bieten Maria Rolfes von den H\u00fcmmlinger Hofspezialit\u00e4ten sowie Louisa und Erik Swezerijnen an.<\/p><\/div>\n<p>&nbsp;<\/p>\n<p>&nbsp;<\/p>\n","protected":false},"excerpt":{"rendered":"S\u00f6gel &#8211; Eine Fahrt zur Galerie Erik Zwezerijnen in Echten bieten die \u201eH\u00fcmmlinger Hofspezialit\u00e4ten\u201c am 6. September an. Die Abfahrt ist um 11 Uhr in S\u00f6gel am Amtsvogtsweg 42. In Echten besteht die M\u00f6glichkeit zu einem gemeinsamen traditionellen Mittagessen mit anschlie\u00dfendem Besuch der Galerie und etwas Zeit zur freien Verf\u00fcgung. Die R\u00fcckfahrt ist f\u00fcr 17 [&hellip;]\n","protected":false},"author":2,"featured_media":0,"comment_status":"closed","ping_status":"closed","sticky":false,"template":"","format":"standard","meta":{"ngg_post_thumbnail":0,"footnotes":""},"categories":[3],"tags":[],"class_list":["post-16881","post","type-post","status-publish","format-standard","hentry","category-aktuelles-aus-der-region"],"_links":{"self":[{"href":"https:\/\/www.forum-soegel.de\/information\/wp-json\/wp\/v2\/posts\/16881","targetHints":{"allow":["GET"]}}],"collection":[{"href":"https:\/\/www.forum-soegel.de\/information\/wp-json\/wp\/v2\/posts"}],"about":[{"href":"https:\/\/www.forum-soegel.de\/information\/wp-json\/wp\/v2\/types\/post"}],"author":[{"embeddable":true,"href":"https:\/\/www.forum-soegel.de\/information\/wp-json\/wp\/v2\/users\/2"}],"replies":[{"embeddable":true,"href":"https:\/\/www.forum-soegel.de\/information\/wp-json\/wp\/v2\/comments?post=16881"}],"version-history":[{"count":1,"href":"https:\/\/www.forum-soegel.de\/information\/wp-json\/wp\/v2\/posts\/16881\/revisions"}],"predecessor-version":[{"id":16883,"href":"https:\/\/www.forum-soegel.de\/information\/wp-json\/wp\/v2\/posts\/16881\/revisions\/16883"}],"wp:attachment":[{"href":"https:\/\/www.forum-soegel.de\/information\/wp-json\/wp\/v2\/media?parent=16881"}],"wp:term":[{"taxonomy":"category","embeddable":true,"href":"https:\/\/www.forum-soegel.de\/information\/wp-json\/wp\/v2\/categories?post=16881"},{"taxonomy":"post_tag","embeddable":true,"href":"https:\/\/www.forum-soegel.de\/information\/wp-json\/wp\/v2\/tags?post=16881"}],"curies":[{"name":"wp","href":"https:\/\/api.w.org\/{rel}","templated":true}]}}