{"id":16874,"date":"2015-08-02T15:27:16","date_gmt":"2015-08-02T13:27:16","guid":{"rendered":"https:\/\/www.forum-soegel.de\/information\/?p=16874"},"modified":"2015-08-02T15:28:09","modified_gmt":"2015-08-02T13:28:09","slug":"emslandmuseum-schloss-clemenswerth-informiert-5","status":"publish","type":"post","link":"https:\/\/www.forum-soegel.de\/information\/2015\/08\/emslandmuseum-schloss-clemenswerth-informiert-5\/","title":{"rendered":"Emslandmuseum Schloss Clemenswerth informiert"},"content":{"rendered":"<p><strong>Veranstaltungen im Monat August<\/strong><\/p>\n<p><a href=\"https:\/\/www.forum-soegel.de\/information\/wp-content\/uploads\/2014\/08\/Schloss-Clemenswerth.jpg\"><img loading=\"lazy\" decoding=\"async\" class=\"alignleft size-thumbnail wp-image-14247\" title=\"Schloss Clemenswerth\" src=\"https:\/\/www.forum-soegel.de\/information\/wp-content\/uploads\/2014\/08\/Schloss-Clemenswerth-150x130.jpg\" alt=\"\" width=\"150\" height=\"130\" \/><\/a>Anmeldungen bei allen Veranstaltungen erbeten unter Tel. 05952\/932325<\/p>\n<p><span style=\"text-decoration: line-through;\">\u00a0<\/span><\/p>\n<p>&nbsp;<\/p>\n<p>&nbsp;<\/p>\n<p>&nbsp;<\/p>\n<p>Sa 08.08. \/ So 09.08. | 15 Uhr &#8211; im Rahmen von ParkArt<\/p>\n<p><strong>K\u00fcnstlerf\u00fchrung mit Maler Manfred W. J\u00fcrgens durch die Ausstellung \u201eDer Seelenf\u00e4nger\u201c<\/strong><\/p>\n<p>&nbsp;<\/p>\n<p>So 16.08. | 9.30 Uhr<\/p>\n<p><strong>Mari\u00e4 Himmelfahrt<\/strong><\/p>\n<p>Eintritt auf dem Gel\u00e4nde frei<\/p>\n<p>&nbsp;<\/p>\n<p><strong><span style=\"text-decoration: underline;\">Sommerferienprogramm f\u00fcr Kinder <\/span><\/strong><\/p>\n<p>Di 04.08. \/ 11.08. \/ 18.08. \/ 25.08. | 14.30 \u2013 16 Uhr<\/p>\n<p><strong>T\u00f6pferwerkstatt<\/strong><\/p>\n<p>Kinder 8 \u20ac inkl. Material<\/p>\n<p>&nbsp;<\/p>\n<p>Mi 05.08. | 14.30 \u2013 16 Uhr<\/p>\n<p><strong>Steckenpferd basteln<\/strong><\/p>\n<p>Kinder 8 \u20ac inkl. Material<\/p>\n<p>&nbsp;<\/p>\n<p>Do 06.08. \/ 13.08. \/ 20.08. | 14.30 \u2013 16 Uhr<\/p>\n<p><strong>Schatzsuche<\/strong><\/p>\n<p>Kinder 8 \u20ac inkl. Material<\/p>\n<p>&nbsp;<\/p>\n<p>Mi 12.08. | 14.30 \u2013 15.30 Uhr<\/p>\n<p><strong>Schlossf\u00fchrung <\/strong><\/p>\n<p>Kinder 4 \u20ac<\/p>\n<p>&nbsp;<\/p>\n<p>Mo 17.08. | 14.30 \u2013 16 Uhr<\/p>\n<p><strong>Malen mit Ei<\/strong><\/p>\n<p>Kinder 8 \u20ac inkl. Material<\/p>\n<p>&nbsp;<\/p>\n<p>Mi 19.08. | 14.30 \u2013 16.30 Uhr<\/p>\n<p><strong>Apfelkuchen backen<\/strong><\/p>\n<p>Kinder 8 \u20ac inkl. Material<\/p>\n<p>&nbsp;<\/p>\n<p>Mo 24.08. | 16 \u2013 17 Uhr<\/p>\n<p><strong>M\u00e4rchenreise<\/strong><\/p>\n<p>Kinder 4 \u20ac inkl. Tee und Kekse<\/p>\n<p>&nbsp;<\/p>\n<p>Mi 26.08. | 14.30 \u2013 15.30 Uhr<\/p>\n<p><strong>T-Shirt-Druck<\/strong><\/p>\n<p>Kinder 6 \u20ac inkl. Material<\/p>\n<p>&nbsp;<\/p>\n<p>Do 27.08. | 14.30 \u2013 16 Uhr<\/p>\n<p><strong>Porzellanmalerei<\/strong><\/p>\n<p>Kinder 8 \u20ac inkl. Material<\/p>\n<p>&nbsp;<\/p>\n<p>So 30.08. | 15 Uhr<\/p>\n<p><strong>Familienspa\u00df: Mode im Barock<\/strong><\/p>\n<p>Erw. 8 \u20ac, Kinder 4 \u20ac<\/p>\n<p>&nbsp;<\/p>\n","protected":false},"excerpt":{"rendered":"Veranstaltungen im Monat August Anmeldungen bei allen Veranstaltungen erbeten unter Tel. 05952\/932325 \u00a0 &nbsp; &nbsp; &nbsp; Sa 08.08. \/ So 09.08. | 15 Uhr &#8211; im Rahmen von ParkArt K\u00fcnstlerf\u00fchrung mit Maler Manfred W. J\u00fcrgens durch die Ausstellung \u201eDer Seelenf\u00e4nger\u201c &nbsp; So 16.08. | 9.30 Uhr Mari\u00e4 Himmelfahrt Eintritt auf dem Gel\u00e4nde frei &nbsp; Sommerferienprogramm [&hellip;]\n","protected":false},"author":2,"featured_media":0,"comment_status":"closed","ping_status":"closed","sticky":false,"template":"","format":"standard","meta":{"ngg_post_thumbnail":0,"footnotes":""},"categories":[3],"tags":[],"class_list":["post-16874","post","type-post","status-publish","format-standard","hentry","category-aktuelles-aus-der-region"],"_links":{"self":[{"href":"https:\/\/www.forum-soegel.de\/information\/wp-json\/wp\/v2\/posts\/16874","targetHints":{"allow":["GET"]}}],"collection":[{"href":"https:\/\/www.forum-soegel.de\/information\/wp-json\/wp\/v2\/posts"}],"about":[{"href":"https:\/\/www.forum-soegel.de\/information\/wp-json\/wp\/v2\/types\/post"}],"author":[{"embeddable":true,"href":"https:\/\/www.forum-soegel.de\/information\/wp-json\/wp\/v2\/users\/2"}],"replies":[{"embeddable":true,"href":"https:\/\/www.forum-soegel.de\/information\/wp-json\/wp\/v2\/comments?post=16874"}],"version-history":[{"count":2,"href":"https:\/\/www.forum-soegel.de\/information\/wp-json\/wp\/v2\/posts\/16874\/revisions"}],"predecessor-version":[{"id":16876,"href":"https:\/\/www.forum-soegel.de\/information\/wp-json\/wp\/v2\/posts\/16874\/revisions\/16876"}],"wp:attachment":[{"href":"https:\/\/www.forum-soegel.de\/information\/wp-json\/wp\/v2\/media?parent=16874"}],"wp:term":[{"taxonomy":"category","embeddable":true,"href":"https:\/\/www.forum-soegel.de\/information\/wp-json\/wp\/v2\/categories?post=16874"},{"taxonomy":"post_tag","embeddable":true,"href":"https:\/\/www.forum-soegel.de\/information\/wp-json\/wp\/v2\/tags?post=16874"}],"curies":[{"name":"wp","href":"https:\/\/api.w.org\/{rel}","templated":true}]}}