{"id":16825,"date":"2015-08-02T15:00:14","date_gmt":"2015-08-02T13:00:14","guid":{"rendered":"https:\/\/www.forum-soegel.de\/information\/?p=16825"},"modified":"2015-08-02T15:00:14","modified_gmt":"2015-08-02T13:00:14","slug":"tradition-und-veranderung","status":"publish","type":"post","link":"https:\/\/www.forum-soegel.de\/information\/2015\/08\/tradition-und-veranderung\/","title":{"rendered":"Tradition und Ver\u00e4nderung"},"content":{"rendered":"<p style=\"text-align: left;\" align=\"center\"><strong>Generalversammlung der Jagdgenossenschaft S\u00f6gel<\/strong><\/p>\n<p style=\"text-align: left;\" align=\"center\"><strong><\/strong>S\u00f6gel &#8211; Die diesj\u00e4hrige Generalversammlung der Jagdgenossenschaft S\u00f6gel im Clemenswerther Hof \u00a0konnte man inhaltlich wie personell dem Motto Tradition und Ver\u00e4nderung zuordnen.<\/p>\n<p align=\"left\">Neben den satzungsgem\u00e4\u00dfen Tagesordnungspunkten wie Verlesung der Niederschrift, des Gesch\u00e4ftsberichts sowie des Kassenberichts, die eine von allen Teilnehmern positiv bewertete Bilanz ergaben, bildete die Eigenjagdausweisung der staatlichen Moorverwaltung in S\u00f6gel ein Schwerpunktthema.<\/p>\n<p align=\"left\">Hierzu erl\u00e4uterte Samtgemeindeb\u00fcrgermeister G\u00fcnter Wigbers, Vertreter der Gemeinde, anstehende Ver\u00e4nderungen. Die staatliche Moorverwaltung hat erweiterte Fl\u00e4chen f\u00fcr Naturschutzzwecke erworben, die sie 2017 als Eigenjagd verpachten will. Die von Wigbers auf eine Leinwand projizierten Flurkarten verdeutlichten den anwesenden Jagdgenossen die k\u00fcnftige Eigenjagd Moorverwaltung.<\/p>\n<p align=\"left\">Es folgten die Entlastung des Vorstandes und die Wiederwahl der Kassenpr\u00fcfer mit einstimmigem Ergebnis. Die Jagdgeldauszahlung soll, wie gewohnt, vor dem S\u00f6geler Sch\u00fctzenfest erfolgen. Die Wahl zum Vorstand ergab ebenfalls \u00a0ein einstimmiges Ergebnis. Im Amt best\u00e4tigt wurden der Vorsitzende Wilhelm Behnen sowie Kassenwart Georg Lake.<\/p>\n<p align=\"left\">Mit einem feierlichen Akt wurde Schriftf\u00fchrer Wilhelm R\u00f6we verabschiedet, der auf eigenen Wunsch nach 30 Jahren dieses Amt abgeben wollte.<\/p>\n<p align=\"left\">Der Vorsitzende Behnen fand ber\u00fchrende Dankesworte, in die er den ebenfalls anwesenden Ehrenvorsitzenden Bernhard Vagedes einbezog. Als Nachfolger wurde im zweiten Wahlgang Ferdinand Sunder gew\u00e4hlt.<\/p>\n<p align=\"left\">Ein weiteres Thema war die Jagdverpachtung 2017. Der Vorsitzende Wilhelm Behnen betonte, dass man in den vergangenen Jahren S\u00f6geler J\u00e4gern das Pachtrecht einger\u00e4umt habe. An dieser Vorgehensweise sollte sich auch nichts \u00e4ndern, sofern man sich aus Sicht der Jagdgenossenschaft auf einen akzeptablen Jagdpreis einigen k\u00f6nne.<\/p>\n<p align=\"left\">Einstimmig und spontan stimmten die Anwesenden der Bitte von G\u00fcnter Wigbers zu, die S\u00f6geler Einrichtung f\u00fcr Begegnung, Kommunikation und Sprachunterricht mit einer Spende von 500,00 Euro zu unterst\u00fctzen.<\/p>\n<p align=\"left\">Text\/Foto: Klaus Sch\u00e4ffner<\/p>\n<p align=\"left\"><a href=\"https:\/\/www.forum-soegel.de\/information\/wp-content\/uploads\/2015\/08\/Tradition-und-Ver\u00e4nderung.jpg\"><img loading=\"lazy\" decoding=\"async\" class=\"alignnone size-medium wp-image-16826\" title=\"Tradition und Ver\u00e4nderung\" src=\"https:\/\/www.forum-soegel.de\/information\/wp-content\/uploads\/2015\/08\/Tradition-und-Ver\u00e4nderung-300x239.jpg\" alt=\"\" width=\"300\" height=\"239\" srcset=\"https:\/\/www.forum-soegel.de\/information\/wp-content\/uploads\/2015\/08\/Tradition-und-Ver\u00e4nderung-300x239.jpg 300w, https:\/\/www.forum-soegel.de\/information\/wp-content\/uploads\/2015\/08\/Tradition-und-Ver\u00e4nderung.jpg 961w\" sizes=\"auto, (max-width: 300px) 100vw, 300px\" \/><\/a><\/p>\n<p align=\"left\">\n","protected":false},"excerpt":{"rendered":"Generalversammlung der Jagdgenossenschaft S\u00f6gel S\u00f6gel &#8211; Die diesj\u00e4hrige Generalversammlung der Jagdgenossenschaft S\u00f6gel im Clemenswerther Hof \u00a0konnte man inhaltlich wie personell dem Motto Tradition und Ver\u00e4nderung zuordnen. Neben den satzungsgem\u00e4\u00dfen Tagesordnungspunkten wie Verlesung der Niederschrift, des Gesch\u00e4ftsberichts sowie des Kassenberichts, die eine von allen Teilnehmern positiv bewertete Bilanz ergaben, bildete die Eigenjagdausweisung der staatlichen Moorverwaltung in [&hellip;]\n","protected":false},"author":2,"featured_media":0,"comment_status":"closed","ping_status":"closed","sticky":false,"template":"","format":"standard","meta":{"ngg_post_thumbnail":0,"footnotes":""},"categories":[5],"tags":[],"class_list":["post-16825","post","type-post","status-publish","format-standard","hentry","category-was-machen-die-vereine"],"_links":{"self":[{"href":"https:\/\/www.forum-soegel.de\/information\/wp-json\/wp\/v2\/posts\/16825","targetHints":{"allow":["GET"]}}],"collection":[{"href":"https:\/\/www.forum-soegel.de\/information\/wp-json\/wp\/v2\/posts"}],"about":[{"href":"https:\/\/www.forum-soegel.de\/information\/wp-json\/wp\/v2\/types\/post"}],"author":[{"embeddable":true,"href":"https:\/\/www.forum-soegel.de\/information\/wp-json\/wp\/v2\/users\/2"}],"replies":[{"embeddable":true,"href":"https:\/\/www.forum-soegel.de\/information\/wp-json\/wp\/v2\/comments?post=16825"}],"version-history":[{"count":1,"href":"https:\/\/www.forum-soegel.de\/information\/wp-json\/wp\/v2\/posts\/16825\/revisions"}],"predecessor-version":[{"id":16827,"href":"https:\/\/www.forum-soegel.de\/information\/wp-json\/wp\/v2\/posts\/16825\/revisions\/16827"}],"wp:attachment":[{"href":"https:\/\/www.forum-soegel.de\/information\/wp-json\/wp\/v2\/media?parent=16825"}],"wp:term":[{"taxonomy":"category","embeddable":true,"href":"https:\/\/www.forum-soegel.de\/information\/wp-json\/wp\/v2\/categories?post=16825"},{"taxonomy":"post_tag","embeddable":true,"href":"https:\/\/www.forum-soegel.de\/information\/wp-json\/wp\/v2\/tags?post=16825"}],"curies":[{"name":"wp","href":"https:\/\/api.w.org\/{rel}","templated":true}]}}