{"id":16822,"date":"2015-08-02T14:58:34","date_gmt":"2015-08-02T12:58:34","guid":{"rendered":"https:\/\/www.forum-soegel.de\/information\/?p=16822"},"modified":"2015-08-02T14:58:34","modified_gmt":"2015-08-02T12:58:34","slug":"sv-stavern-feierte-60jahriges-bestehen-mit-vielen-ehrengasten-neue-chronik-erschienen","status":"publish","type":"post","link":"https:\/\/www.forum-soegel.de\/information\/2015\/08\/sv-stavern-feierte-60jahriges-bestehen-mit-vielen-ehrengasten-neue-chronik-erschienen\/","title":{"rendered":"SV Stavern feierte 60j\u00e4hriges Bestehen mit vielen Ehreng\u00e4sten &#8211; Neue Chronik erschienen"},"content":{"rendered":"<p>Mit einer gro\u00dfen Feier im Festzelt auf dem Sportplatz endete die Jubil\u00e4umswoche zum 60j\u00e4hrigen Bestehen des Sportverein Stavern. Neben einigen Gr\u00fcndungsmitgliedern des Vereins konnte der Vorsitzende, Stefan Eikens, viele Ehreng\u00e4ste begr\u00fc\u00dfen. Es standen sowohl vereinsinternen Ehrungen als auch Ehrungen des Kreissportbundes auf der Tagesordnung. Zum Jubil\u00e4um war eine umfassende Festschrift, die an die zum 50j\u00e4hrigen Bestehen aufgelegte Chronik ankn\u00fcpfte, erschienen. Im Jahre 1955 wurde der Sportverein Stavern neu gegr\u00fcndet. Es hatte bereits in den zwanziger Jahren eine Fu\u00dfballmannschaft in Stavern gegeben. Die Mannschaft des DJK Stavern stellte aber in den drei\u00dfiger Jahren, wie in vielen Orten des Kreises, den Spielbetrieb ein. Erst 10 Jahre nach dem Ende des Krieges fanden sich junge M\u00e4nner des Ortes zusammen und gr\u00fcndeten den heutigen SV Stavern. Mit nur 10 Mitgliedern startete der Verein im Fu\u00dfballbereich. Heute, mit \u00fcber 500 Mitgliedern, ist der halbe Ort im Sportverein organisiert. Neben Fu\u00dfball wird im Jahre 2015 einiges mehr an Sportarten geboten. Von Tennis \u00fcber Turngruppen bis Senioren- und Hobbysportgruppen sind die Staverner von 3 bis 83 Jahren aktiv dabei.<\/p>\n<p>Das heutige Jubil\u00e4um startete mit einem traditionellen Dorfpokalturnier am Sonntag zuvor. Hier spielten sechs Mannschaften der einzelnen Ortsteile gegeneinander. Mit zwei Jugendturnieren in der Woche folgte am Samstag der offizielle Feiertag. Zun\u00e4chst spielten die Herrenmannschaften des SV Apeldorn und des SV Stavern gegeneinander. Danach fand das \u201eSpiel des Jahres\u201c zwischen der Traditionself des SV Meppen mit den ehemaligen Bundesligaspielern Josef Menke, Robert Thoben, Gerd Gerdes, Andreas Hellmer und vielen anderen gegen die Alte Herrenmannschaft des SV Stavern statt. Die Staverner konnten fr\u00fch mit 1:0 in F\u00fchrung gehen. Die immer noch bestehende Klasse der ehemaligen Profis setzte sich aber durch und am Ende stand des 9:1 f\u00fcr die Traditionself.<\/p>\n<p>Ein interessantes Spiel, was die zahlreichen Zuschauer begeisterte.<\/p>\n<p>Es folgte die Jubil\u00e4umsveranstaltung, zu der der Vorsitzende neben den Gr\u00fcndungsmitgliedern und ehemaligen Vorstandsmitgliedern auch Carsten Franke vom NFV Kreis Emsland, den B\u00fcrgermeister, die Vorst\u00e4nde der Vereine aus Apeldorn und Ber\u00dfen und die Vorst\u00e4nde der \u00f6rtlichen Vereine als Ehreng\u00e4ste begr\u00fc\u00dfen konnte.<\/p>\n<p>In seiner Ansprache stellte der Vorsitzende den Verein kurz vor. Im Fu\u00dfballbereich spielen in einer Spielgemeinschaft mit dem SC Apeldorn (in Teilbereichen auch mit dem SV Eintracht Ber\u00dfen) 2 M\u00e4dchen- bzw. Damenmannschaften, 8 Jugend- und 2 Herrenmannschaften. Weiter sind vier Turn- und Gymnastikgruppen, Tennismannschaften und Hobbygruppen aktiv dabei. Er gratulierte an dieser stelle der Seniorengymnastikgruppe, die in diesem Jahr ihr 25j\u00e4hriges Jubil\u00e4um feierte.<\/p>\n<p>Der Vorsitzende bedankte sich ausdr\u00fccklich bei der Gemeinde Stavern, die durch finanzielle Unterst\u00fctzung dazu beigetragen hat, dass der Verein \u00fcber hervorragende Spiel- und Trainingsm\u00f6glichkeiten verf\u00fcgt.<\/p>\n<p>Bei den anschlie\u00dfenden Ehrungen erhielten zun\u00e4chst die Spieler der Gr\u00fcndermannschaft, Rudolf Jordan, Gerd Tangen, Rudolf Wende, Gerhard Wilkens, Heinz Wotte, Josef Rohe und aus der Jugendmannschaft Hans Bruns von den Vorsitzenden eine Ehrennadel und eine Chronik. Im weiteren Verlauf wurden die anwesenden Mitglieder der ersten Damenmannschaft des Vereins und alle ehemaligen Vorstandsmitglieder mit Ehrennadeln und Chroniken bedacht. Besonders erw\u00e4hnt wurden auch die Gr\u00fcndungsmitglieder der Tennisabteilung.<\/p>\n<p>Abschlie\u00dfend bedankte sich der Vorsitzende noch bei dem Verfasser der Chronik, Gerd Rode. Auf 80 Seiten wurde die Vereinsgeschichte der letzten 10 Jahre umfassend in Text und Bildern dargestellt.<\/p>\n<p>Den offiziellen Teil beendete das Vorstandsmitglied des Nieders\u00e4chsischen Fu\u00dfballverbandes, Kreisverband Emsland, Carsten Franke aus Werpeloh. Er \u00fcberbrachte die Gl\u00fcckw\u00fcnsche des Kreisverbandes und ehrte anschlie\u00dfend zwei Mannschaften des Vereins, die es in dieser Saison zum Meistertitel geschafft hatten. Die Herrenmannschaft der Spielgemeinschaft SG Apeldorn\/Stavern wurde Meister der 2. Kreisklasse Emsland Mitte. Ebenfalls Meister wurde die Damenmannschaft der Spielgemeinschaft SV Stavern\/SC Apeldorn(Union Meppen. Die silberne Verdienstnadel erhielten Andre und Hendrik Rolfes, die \u00fcber 20 Jahre als Trainer und Betreuer im Jugendbereich t\u00e4tig sind. Mit der goldenen Verdienstnadel des NFV wurde Bernhard Kramer f\u00fcr seine langj\u00e4hrige T\u00e4tigkeit im Verein ausgezeichnet. Nach seiner aktiven Zeit als Spieler war er mehrere Jahre 2. Vorsitzender und k\u00fcmmert sich bis heute um viele Sachen, die mehr oder weniger im Hintergrund ablaufen.<\/p>\n<p>Text\/Foto: Gerd Rode<\/p>\n<div id=\"attachment_16823\" style=\"width: 310px\" class=\"wp-caption alignnone\"><a href=\"https:\/\/www.forum-soegel.de\/information\/wp-content\/uploads\/2015\/08\/SV-Stavern-feierte-60j\u00e4hriges-Bestehen-mit-vielen-Ehreng\u00e4sten-Neue-Chronik-erschienen.jpg\"><img loading=\"lazy\" decoding=\"async\" aria-describedby=\"caption-attachment-16823\" class=\"size-medium wp-image-16823\" title=\"SV Stavern feierte 60j\u00e4hriges Bestehen mit vielen Ehreng\u00e4sten - Neue Chronik erschienen\" src=\"https:\/\/www.forum-soegel.de\/information\/wp-content\/uploads\/2015\/08\/SV-Stavern-feierte-60j\u00e4hriges-Bestehen-mit-vielen-Ehreng\u00e4sten-Neue-Chronik-erschienen-300x131.jpg\" alt=\"\" width=\"300\" height=\"131\" srcset=\"https:\/\/www.forum-soegel.de\/information\/wp-content\/uploads\/2015\/08\/SV-Stavern-feierte-60j\u00e4hriges-Bestehen-mit-vielen-Ehreng\u00e4sten-Neue-Chronik-erschienen-300x131.jpg 300w, https:\/\/www.forum-soegel.de\/information\/wp-content\/uploads\/2015\/08\/SV-Stavern-feierte-60j\u00e4hriges-Bestehen-mit-vielen-Ehreng\u00e4sten-Neue-Chronik-erschienen.jpg 1024w\" sizes=\"auto, (max-width: 300px) 100vw, 300px\" \/><\/a><p id=\"caption-attachment-16823\" class=\"wp-caption-text\">Die geehrten Mitglieder des SV Stavern mit dem Vorstand.<\/p><\/div>\n","protected":false},"excerpt":{"rendered":"Mit einer gro\u00dfen Feier im Festzelt auf dem Sportplatz endete die Jubil\u00e4umswoche zum 60j\u00e4hrigen Bestehen des Sportverein Stavern. Neben einigen Gr\u00fcndungsmitgliedern des Vereins konnte der Vorsitzende, Stefan Eikens, viele Ehreng\u00e4ste begr\u00fc\u00dfen. Es standen sowohl vereinsinternen Ehrungen als auch Ehrungen des Kreissportbundes auf der Tagesordnung. Zum Jubil\u00e4um war eine umfassende Festschrift, die an die zum 50j\u00e4hrigen [&hellip;]\n","protected":false},"author":2,"featured_media":0,"comment_status":"closed","ping_status":"closed","sticky":false,"template":"","format":"standard","meta":{"ngg_post_thumbnail":0,"footnotes":""},"categories":[5],"tags":[],"class_list":["post-16822","post","type-post","status-publish","format-standard","hentry","category-was-machen-die-vereine"],"_links":{"self":[{"href":"https:\/\/www.forum-soegel.de\/information\/wp-json\/wp\/v2\/posts\/16822","targetHints":{"allow":["GET"]}}],"collection":[{"href":"https:\/\/www.forum-soegel.de\/information\/wp-json\/wp\/v2\/posts"}],"about":[{"href":"https:\/\/www.forum-soegel.de\/information\/wp-json\/wp\/v2\/types\/post"}],"author":[{"embeddable":true,"href":"https:\/\/www.forum-soegel.de\/information\/wp-json\/wp\/v2\/users\/2"}],"replies":[{"embeddable":true,"href":"https:\/\/www.forum-soegel.de\/information\/wp-json\/wp\/v2\/comments?post=16822"}],"version-history":[{"count":1,"href":"https:\/\/www.forum-soegel.de\/information\/wp-json\/wp\/v2\/posts\/16822\/revisions"}],"predecessor-version":[{"id":16824,"href":"https:\/\/www.forum-soegel.de\/information\/wp-json\/wp\/v2\/posts\/16822\/revisions\/16824"}],"wp:attachment":[{"href":"https:\/\/www.forum-soegel.de\/information\/wp-json\/wp\/v2\/media?parent=16822"}],"wp:term":[{"taxonomy":"category","embeddable":true,"href":"https:\/\/www.forum-soegel.de\/information\/wp-json\/wp\/v2\/categories?post=16822"},{"taxonomy":"post_tag","embeddable":true,"href":"https:\/\/www.forum-soegel.de\/information\/wp-json\/wp\/v2\/tags?post=16822"}],"curies":[{"name":"wp","href":"https:\/\/api.w.org\/{rel}","templated":true}]}}