{"id":16819,"date":"2015-08-02T14:57:14","date_gmt":"2015-08-02T12:57:14","guid":{"rendered":"https:\/\/www.forum-soegel.de\/information\/?p=16819"},"modified":"2015-08-02T14:57:14","modified_gmt":"2015-08-02T12:57:14","slug":"stavern-feierten-drei-tage-schutzenfest-gerd-schroer-ist-neuer-konig","status":"publish","type":"post","link":"https:\/\/www.forum-soegel.de\/information\/2015\/08\/stavern-feierten-drei-tage-schutzenfest-gerd-schroer-ist-neuer-konig\/","title":{"rendered":"Stavern feierten drei Tage Sch\u00fctzenfest &#8211; Gerd Schr\u00f6er ist neuer K\u00f6nig"},"content":{"rendered":"<p>Stavern &#8211; Wie in jedem Jahr ist das Sch\u00fctzenfest in der H\u00fcmmlinggemeinde Stavern der H\u00f6hepunkt der sich j\u00e4hrlich wiederholenden Feste. Mit einer Jugendfete begannen die Feierlichkeiten am Samstagabend. Am Sonntagnachmittag marschierten die drei Kompanien des Staverner Sch\u00fctzenvolkes um 14.00 Uhr auf dem Platz vor der Kirche auf. Erstmals hat eine Abordnung des Brudervereins aus Werpeloh an dem Marsch teilgenommen. Jede Kompanie wird von einer Musikkapelle angef\u00fchrt. Ein beeindruckendes Bild bot sich den vielen Zuschauern aus nah und fern. Nach der Begr\u00fc\u00dfung und den Ansprachen erfolgte die traditionelle Kranzniederlegung vor dem Ehrenmal. Diese Ehrerbietung den vielen gefallenen und verstorbenen Vereinsmitgliedern gegen\u00fcber wird von den Sch\u00fctzenbr\u00fcdern als Verpflichtung angesehen bevor ausgelassen gefeiert wird. Es schloss sich der gro\u00dfe Festumzug durch die Stra\u00dfen der Gemeinde an. Mit dem gro\u00dfen Festball am Sonntagabend endete die Regentschaft von K\u00f6nigin Irmgard und K\u00f6nig Andreas Wessels. Am Montagmorgen traten die Sch\u00fctzenbr\u00fcder zun\u00e4chst zu einem Festgottesdienst in der St.-Michael-Kirche an. Von dort ging es zum Fr\u00fchschoppen und K\u00f6nigsschie\u00dfen. Um Punkt 12.00 Uhr stand der neue K\u00f6nig, Gerd Schr\u00f6er, fest. Zu seiner K\u00f6nigin ernannte er seine Frau Elisabeth. Dem Throngefolge geh\u00f6ren Ingrid und Franz-Josef Wotte, Helga und Klemens Robbers, Barbara und Dietmar Knoll, Anke und Friedhelm Bloms sowie Marita Helmut Hinrichs an.<\/p>\n<p>Sieger des Preisschie\u00dfens und neuer Besitzer eines Fahrrades wurde in diesem Jahr Bernhard Schlick.<\/p>\n<p>Mit einem gro\u00dfen Festball endete das diesj\u00e4hrige Sch\u00fctzenfest am Montagabend bzw. am Dienstagmorgen.<\/p>\n<p>Gerd Rode \/ \u00a0Alois B\u00fcter<\/p>\n<div id=\"attachment_16820\" style=\"width: 310px\" class=\"wp-caption alignnone\"><a href=\"https:\/\/www.forum-soegel.de\/information\/wp-content\/uploads\/2015\/08\/Stavern-feierten-drei-Tage-Sch\u00fctzenfest-Gerd-Schr\u00f6er-ist-neuer-K\u00f6nig.jpg\"><img loading=\"lazy\" decoding=\"async\" aria-describedby=\"caption-attachment-16820\" class=\"size-medium wp-image-16820\" title=\"Stavern feierten drei Tage Sch\u00fctzenfest - Gerd Schr\u00f6er ist neuer K\u00f6nig\" src=\"https:\/\/www.forum-soegel.de\/information\/wp-content\/uploads\/2015\/08\/Stavern-feierten-drei-Tage-Sch\u00fctzenfest-Gerd-Schr\u00f6er-ist-neuer-K\u00f6nig-300x216.jpg\" alt=\"\" width=\"300\" height=\"216\" srcset=\"https:\/\/www.forum-soegel.de\/information\/wp-content\/uploads\/2015\/08\/Stavern-feierten-drei-Tage-Sch\u00fctzenfest-Gerd-Schr\u00f6er-ist-neuer-K\u00f6nig-300x216.jpg 300w, https:\/\/www.forum-soegel.de\/information\/wp-content\/uploads\/2015\/08\/Stavern-feierten-drei-Tage-Sch\u00fctzenfest-Gerd-Schr\u00f6er-ist-neuer-K\u00f6nig.jpg 1024w\" sizes=\"auto, (max-width: 300px) 100vw, 300px\" \/><\/a><p id=\"caption-attachment-16820\" class=\"wp-caption-text\">Thron 2015 v.lks: F. u. A. Bloms, F.-J.u.I. Wotte, K\u00f6nigspaar G.u.E. Schr\u00f6er, D.u.B. Knoll, K.u.H. Robbers, H.u.M. Hinrichs<\/p><\/div>\n","protected":false},"excerpt":{"rendered":"Stavern &#8211; Wie in jedem Jahr ist das Sch\u00fctzenfest in der H\u00fcmmlinggemeinde Stavern der H\u00f6hepunkt der sich j\u00e4hrlich wiederholenden Feste. Mit einer Jugendfete begannen die Feierlichkeiten am Samstagabend. Am Sonntagnachmittag marschierten die drei Kompanien des Staverner Sch\u00fctzenvolkes um 14.00 Uhr auf dem Platz vor der Kirche auf. Erstmals hat eine Abordnung des Brudervereins aus Werpeloh [&hellip;]\n","protected":false},"author":2,"featured_media":0,"comment_status":"closed","ping_status":"closed","sticky":false,"template":"","format":"standard","meta":{"ngg_post_thumbnail":0,"footnotes":""},"categories":[5],"tags":[],"class_list":["post-16819","post","type-post","status-publish","format-standard","hentry","category-was-machen-die-vereine"],"_links":{"self":[{"href":"https:\/\/www.forum-soegel.de\/information\/wp-json\/wp\/v2\/posts\/16819","targetHints":{"allow":["GET"]}}],"collection":[{"href":"https:\/\/www.forum-soegel.de\/information\/wp-json\/wp\/v2\/posts"}],"about":[{"href":"https:\/\/www.forum-soegel.de\/information\/wp-json\/wp\/v2\/types\/post"}],"author":[{"embeddable":true,"href":"https:\/\/www.forum-soegel.de\/information\/wp-json\/wp\/v2\/users\/2"}],"replies":[{"embeddable":true,"href":"https:\/\/www.forum-soegel.de\/information\/wp-json\/wp\/v2\/comments?post=16819"}],"version-history":[{"count":1,"href":"https:\/\/www.forum-soegel.de\/information\/wp-json\/wp\/v2\/posts\/16819\/revisions"}],"predecessor-version":[{"id":16821,"href":"https:\/\/www.forum-soegel.de\/information\/wp-json\/wp\/v2\/posts\/16819\/revisions\/16821"}],"wp:attachment":[{"href":"https:\/\/www.forum-soegel.de\/information\/wp-json\/wp\/v2\/media?parent=16819"}],"wp:term":[{"taxonomy":"category","embeddable":true,"href":"https:\/\/www.forum-soegel.de\/information\/wp-json\/wp\/v2\/categories?post=16819"},{"taxonomy":"post_tag","embeddable":true,"href":"https:\/\/www.forum-soegel.de\/information\/wp-json\/wp\/v2\/tags?post=16819"}],"curies":[{"name":"wp","href":"https:\/\/api.w.org\/{rel}","templated":true}]}}