{"id":16803,"date":"2015-08-02T14:48:46","date_gmt":"2015-08-02T12:48:46","guid":{"rendered":"https:\/\/www.forum-soegel.de\/information\/?p=16803"},"modified":"2015-08-02T14:48:46","modified_gmt":"2015-08-02T12:48:46","slug":"neues-konigspaar-fur-den-schutzenverein-st-hubertus-eisten","status":"publish","type":"post","link":"https:\/\/www.forum-soegel.de\/information\/2015\/08\/neues-konigspaar-fur-den-schutzenverein-st-hubertus-eisten\/","title":{"rendered":"Neues K\u00f6nigspaar f\u00fcr den Sch\u00fctzenverein St. Hubertus Eisten"},"content":{"rendered":"<p><a href=\"https:\/\/www.forum-soegel.de\/information\/wp-content\/uploads\/2015\/08\/Neues-K\u00f6nigspaar-f\u00fcr-den-Sch\u00fctzenverein-St.-Hubertus-Eisten1.jpg\"><img loading=\"lazy\" decoding=\"async\" class=\"alignleft size-medium wp-image-16804\" title=\"Neues K\u00f6nigspaar f\u00fcr den Sch\u00fctzenverein St. Hubertus Eisten1\" src=\"https:\/\/www.forum-soegel.de\/information\/wp-content\/uploads\/2015\/08\/Neues-K\u00f6nigspaar-f\u00fcr-den-Sch\u00fctzenverein-St.-Hubertus-Eisten1-300x216.jpg\" alt=\"\" width=\"300\" height=\"216\" srcset=\"https:\/\/www.forum-soegel.de\/information\/wp-content\/uploads\/2015\/08\/Neues-K\u00f6nigspaar-f\u00fcr-den-Sch\u00fctzenverein-St.-Hubertus-Eisten1-300x216.jpg 300w, https:\/\/www.forum-soegel.de\/information\/wp-content\/uploads\/2015\/08\/Neues-K\u00f6nigspaar-f\u00fcr-den-Sch\u00fctzenverein-St.-Hubertus-Eisten1.jpg 1024w\" sizes=\"auto, (max-width: 300px) 100vw, 300px\" \/><\/a>Dieter Harde ist seit dem 09. Mai 2015 der neue Regent in Eisten. In einem spannenden Stechen ist es dem Adjutanten des Sch\u00fctzenvereins St. Hubertus Eisten gelungen, die K\u00f6nigsw\u00fcrde des Jahres 2015 zu erringen. Unterst\u00fctzt wird er w\u00e4hrend seiner Regentschaft von seiner Frau Tanja, die er als K\u00f6nigin erw\u00e4hlte. Das neue K\u00f6nigspaar l\u00f6st Frank Ostermann und Karola Knese ab, die seit Mai 2014 den kleinen Sch\u00fctzenstaat regierten. 2015 ist in Eisten zwar kein Jubelsch\u00fctzenfest, dennoch ist das Sch\u00fctzenfest in Eisten in diesem Jahr schon besonders, meinte Kreispr\u00e4sident Bernhard Tholen. Denn ein Sch\u00fctzenfest mit zwei K\u00f6nigen auf dem Sch\u00fctzenthron habe er in seiner Laufbahn als Kreispr\u00e4sident vorher noch nicht erlebt.<\/p>\n<p>Schon ungew\u00f6hnlich, aber wahr, denn neben Franz und Ulrike B\u00fcter, Hans-Gerd und Kornelia Koldemeyer und Elmar und Marion G\u00f6vert geh\u00f6rt auch das amtierende Kreisregentenpaar G\u00fcnter und Tanja Baalmann zum Throngefolge von K\u00f6nig Dieter Harde und K\u00f6nigin Tanja. Den Thron hat die neu gegr\u00fcndete Landjugend Eisten f\u00fcr den K\u00f6nig hergerichtet. Gefeiert wurde bei bestem Wetter mit der Unterst\u00fctzung der Kolpingskapelle S\u00f6gel.<\/p>\n<p>Nach dem Sch\u00fctzenhochamt startete man am Sonntagmorgen mit Freibier in den Fr\u00fchschoppen im Festzelt. Mit dieser wohlwollenden Geste bedankte sich der Thron 2014 f\u00fcr ein tolles Fest und hoffte auf rege Beteiligung.<\/p>\n<p>Der 1. Vorsitzende des Sch\u00fctzenvereins, Heiner Timter, bedankte sich seinerseits im Namen des Vereins mit fl\u00fcssigen Pr\u00e4senten bei einem vierk\u00f6pfigen Fr\u00fchschoppenclub, der das Sch\u00fctzenfest seit mehr als 30 Jahren mit seiner Anwesenheit unterst\u00fctzt. Die vier Herren wohnen zwar nicht bzw. nicht mehr in Eisten, sind aber durch ihre aus Eisten stammenden Ehefrauen noch immer mit dem Verein verbunden. Die Freude \u00fcber die Anerkennung der Treue zum Verein war gro\u00df. Nach dem Festmarsch am Nachmittag wurden einige Mitglieder des Sch\u00fctzenvereins durch den Kreispr\u00e4sidenten Bernhard Tholen f\u00fcr langj\u00e4hrige Mitgliedschaft und besonderen Einsatz im Verein geehrt.<\/p>\n<p>An beiden Sch\u00fctzenfesttagen feierten Jung und Alt mit der Tanzkapelle \u201eNew Memories\u201c. Zum Mitfeiern waren auch die Vorst\u00e4nde und Throne der Sch\u00fctzenvereine H\u00fcven und S\u00f6gel sowie eine Abordnung der Gemeinde S\u00f6gel samt B\u00fcrgermeisterin und Samtgemeindeb\u00fcrgermeister gekommen. Gemeinsam verbrachte man einige sch\u00f6ne Stunden in geselliger Runde.<\/p>\n<p>Text: Sch\u00fctzenverein \/ Fotos: Klaus Dr\u00f6ge<\/p>\n<div id=\"attachment_16805\" style=\"width: 310px\" class=\"wp-caption alignnone\"><a href=\"https:\/\/www.forum-soegel.de\/information\/wp-content\/uploads\/2015\/08\/Neues-K\u00f6nigspaar-f\u00fcr-den-Sch\u00fctzenverein-St.-Hubertus-Eisten2.jpg\"><img loading=\"lazy\" decoding=\"async\" aria-describedby=\"caption-attachment-16805\" class=\"size-medium wp-image-16805\" title=\"Neues K\u00f6nigspaar f\u00fcr den Sch\u00fctzenverein St. Hubertus Eisten2\" src=\"https:\/\/www.forum-soegel.de\/information\/wp-content\/uploads\/2015\/08\/Neues-K\u00f6nigspaar-f\u00fcr-den-Sch\u00fctzenverein-St.-Hubertus-Eisten2-300x199.jpg\" alt=\"\" width=\"300\" height=\"199\" srcset=\"https:\/\/www.forum-soegel.de\/information\/wp-content\/uploads\/2015\/08\/Neues-K\u00f6nigspaar-f\u00fcr-den-Sch\u00fctzenverein-St.-Hubertus-Eisten2-300x199.jpg 300w, https:\/\/www.forum-soegel.de\/information\/wp-content\/uploads\/2015\/08\/Neues-K\u00f6nigspaar-f\u00fcr-den-Sch\u00fctzenverein-St.-Hubertus-Eisten2.jpg 1024w\" sizes=\"auto, (max-width: 300px) 100vw, 300px\" \/><\/a><p id=\"caption-attachment-16805\" class=\"wp-caption-text\">v.l.: Franz Ostermann, Heiner Timter, Werner Baalmann, Rainer Jansing, Bernhard Tholen<\/p><\/div>\n","protected":false},"excerpt":{"rendered":"Dieter Harde ist seit dem 09. Mai 2015 der neue Regent in Eisten. In einem spannenden Stechen ist es dem Adjutanten des Sch\u00fctzenvereins St. Hubertus Eisten gelungen, die K\u00f6nigsw\u00fcrde des Jahres 2015 zu erringen. Unterst\u00fctzt wird er w\u00e4hrend seiner Regentschaft von seiner Frau Tanja, die er als K\u00f6nigin erw\u00e4hlte. Das neue K\u00f6nigspaar l\u00f6st Frank Ostermann [&hellip;]\n","protected":false},"author":2,"featured_media":0,"comment_status":"closed","ping_status":"closed","sticky":false,"template":"","format":"standard","meta":{"ngg_post_thumbnail":0,"footnotes":""},"categories":[5],"tags":[],"class_list":["post-16803","post","type-post","status-publish","format-standard","hentry","category-was-machen-die-vereine"],"_links":{"self":[{"href":"https:\/\/www.forum-soegel.de\/information\/wp-json\/wp\/v2\/posts\/16803","targetHints":{"allow":["GET"]}}],"collection":[{"href":"https:\/\/www.forum-soegel.de\/information\/wp-json\/wp\/v2\/posts"}],"about":[{"href":"https:\/\/www.forum-soegel.de\/information\/wp-json\/wp\/v2\/types\/post"}],"author":[{"embeddable":true,"href":"https:\/\/www.forum-soegel.de\/information\/wp-json\/wp\/v2\/users\/2"}],"replies":[{"embeddable":true,"href":"https:\/\/www.forum-soegel.de\/information\/wp-json\/wp\/v2\/comments?post=16803"}],"version-history":[{"count":1,"href":"https:\/\/www.forum-soegel.de\/information\/wp-json\/wp\/v2\/posts\/16803\/revisions"}],"predecessor-version":[{"id":16806,"href":"https:\/\/www.forum-soegel.de\/information\/wp-json\/wp\/v2\/posts\/16803\/revisions\/16806"}],"wp:attachment":[{"href":"https:\/\/www.forum-soegel.de\/information\/wp-json\/wp\/v2\/media?parent=16803"}],"wp:term":[{"taxonomy":"category","embeddable":true,"href":"https:\/\/www.forum-soegel.de\/information\/wp-json\/wp\/v2\/categories?post=16803"},{"taxonomy":"post_tag","embeddable":true,"href":"https:\/\/www.forum-soegel.de\/information\/wp-json\/wp\/v2\/tags?post=16803"}],"curies":[{"name":"wp","href":"https:\/\/api.w.org\/{rel}","templated":true}]}}