{"id":16794,"date":"2015-08-02T14:44:56","date_gmt":"2015-08-02T12:44:56","guid":{"rendered":"https:\/\/www.forum-soegel.de\/information\/?p=16794"},"modified":"2015-08-02T14:44:56","modified_gmt":"2015-08-02T12:44:56","slug":"natur-aktiv-erleben-2","status":"publish","type":"post","link":"https:\/\/www.forum-soegel.de\/information\/2015\/08\/natur-aktiv-erleben-2\/","title":{"rendered":"Natur aktiv erleben"},"content":{"rendered":"<p>Spahnharrenst\u00e4tte &#8211; An der NDR1- Aktion \u201eNatur aktiv erleben&#8220; nahmen am 21. Juni auch der Reit- und Fahrsportclub und der Heimatverein aus Spahnharrenst\u00e4tte teil.<\/p>\n<p>Das Treffen der Teilnehmer (ca. 50 Personen) fand um 10 Uhr einmal auf dem Reitplatz f\u00fcr die Reiter mit ihren Pferden oder Kutschen und f\u00fcr \u201eFu\u00dfg\u00e4nger&#8220; auf dem D\u00f6rpsplatz statt. Diejenigen, die sich nicht in der Lage f\u00fchlten, bis zur \u201eSpahner Buche&#8220; zu wandern, konnten auch mit einem Planwagen fahren.<\/p>\n<p>Der geplane Ablauf musste ge\u00e4ndert werden, da die Veranstalter f\u00fcr einige Stationen keine Genehmigung erhalten hatten.<\/p>\n<p>Der erste Halt waren die \u201eM\u00e4nnige Berge&#8220;. Willi Wigbers berichtet \u00fcber die geschichtlichen Hintergr\u00fcnde dieses Grabfeldes, welches 1970 untersucht wurde. Die Gr\u00e4ber sind aus Plaggen und Sand errichtet worden. Die H\u00fcgel wurden \u00fcber Scheiterhaufen aufgesch\u00fcttet. Es fanden aber auch Urnenbestattungen statt.<\/p>\n<p>Der n\u00e4chste Haltepunkt war die \u201eSpahner Buche&#8220;, die wohl \u00fcber 400 Jahre alt ist. Hubert Lager hatte einige Geschichten \u00fcber die Buche zu erz\u00e4hlen.Ob sie alle der Warheit entsprechen, ist nicht eindeutig belegt.<\/p>\n<p>Der Partyservice Lomi und die Bewirtungsbetriebe Kathmann sorgten f\u00fcr das leibliche Wohl und unterhalten wurden die Teilnehmer durch einen \u201eTrecksacksp\u00e4ler&#8220;.<\/p>\n<p>Das offizielle Ende der Veranstaltung war gegen 15 Uhr und jeder konnte wieder ausw\u00e4hlen, wie er den R\u00fcckweg antreten wollte.<\/p>\n<p>Alles in allem war es eine gelungene Veranstaltung, der einige Teilnehmer mehr zu w\u00fcnschen gewesen w\u00e4ren.<\/p>\n<p>Text\/Foto: WR, SPH-V<\/p>\n<p><a href=\"https:\/\/www.forum-soegel.de\/information\/wp-content\/uploads\/2015\/08\/Natur-aktiv-erleben1.jpg\"><img loading=\"lazy\" decoding=\"async\" class=\"alignnone size-thumbnail wp-image-16795\" title=\"Natur aktiv erleben1\" src=\"https:\/\/www.forum-soegel.de\/information\/wp-content\/uploads\/2015\/08\/Natur-aktiv-erleben1-150x150.jpg\" alt=\"\" width=\"150\" height=\"150\" \/><\/a>\u00a0\u00a0<a href=\"https:\/\/www.forum-soegel.de\/information\/wp-content\/uploads\/2015\/08\/Natur-aktiv-erleben2.jpg\"><img loading=\"lazy\" decoding=\"async\" class=\"alignnone size-thumbnail wp-image-16796\" title=\"Natur aktiv erleben2\" src=\"https:\/\/www.forum-soegel.de\/information\/wp-content\/uploads\/2015\/08\/Natur-aktiv-erleben2-150x150.jpg\" alt=\"\" width=\"150\" height=\"150\" \/><\/a><\/p>\n<p><a href=\"https:\/\/www.forum-soegel.de\/information\/wp-content\/uploads\/2015\/08\/Natur-aktiv-erleben3.jpg\"><img loading=\"lazy\" decoding=\"async\" class=\"alignnone size-thumbnail wp-image-16797\" title=\"Natur aktiv erleben3\" src=\"https:\/\/www.forum-soegel.de\/information\/wp-content\/uploads\/2015\/08\/Natur-aktiv-erleben3-150x150.jpg\" alt=\"\" width=\"150\" height=\"150\" \/><\/a>\u00a0\u00a0<a href=\"https:\/\/www.forum-soegel.de\/information\/wp-content\/uploads\/2015\/08\/Natur-aktiv-erleben4.jpg\"><img loading=\"lazy\" decoding=\"async\" class=\"alignnone size-thumbnail wp-image-16798\" title=\"Natur aktiv erleben4\" src=\"https:\/\/www.forum-soegel.de\/information\/wp-content\/uploads\/2015\/08\/Natur-aktiv-erleben4-150x150.jpg\" alt=\"\" width=\"150\" height=\"150\" \/><\/a><\/p>\n","protected":false},"excerpt":{"rendered":"Spahnharrenst\u00e4tte &#8211; An der NDR1- Aktion \u201eNatur aktiv erleben&#8220; nahmen am 21. Juni auch der Reit- und Fahrsportclub und der Heimatverein aus Spahnharrenst\u00e4tte teil. Das Treffen der Teilnehmer (ca. 50 Personen) fand um 10 Uhr einmal auf dem Reitplatz f\u00fcr die Reiter mit ihren Pferden oder Kutschen und f\u00fcr \u201eFu\u00dfg\u00e4nger&#8220; auf dem D\u00f6rpsplatz statt. Diejenigen, [&hellip;]\n","protected":false},"author":2,"featured_media":0,"comment_status":"closed","ping_status":"closed","sticky":false,"template":"","format":"standard","meta":{"ngg_post_thumbnail":0,"footnotes":""},"categories":[5],"tags":[],"class_list":["post-16794","post","type-post","status-publish","format-standard","hentry","category-was-machen-die-vereine"],"_links":{"self":[{"href":"https:\/\/www.forum-soegel.de\/information\/wp-json\/wp\/v2\/posts\/16794","targetHints":{"allow":["GET"]}}],"collection":[{"href":"https:\/\/www.forum-soegel.de\/information\/wp-json\/wp\/v2\/posts"}],"about":[{"href":"https:\/\/www.forum-soegel.de\/information\/wp-json\/wp\/v2\/types\/post"}],"author":[{"embeddable":true,"href":"https:\/\/www.forum-soegel.de\/information\/wp-json\/wp\/v2\/users\/2"}],"replies":[{"embeddable":true,"href":"https:\/\/www.forum-soegel.de\/information\/wp-json\/wp\/v2\/comments?post=16794"}],"version-history":[{"count":1,"href":"https:\/\/www.forum-soegel.de\/information\/wp-json\/wp\/v2\/posts\/16794\/revisions"}],"predecessor-version":[{"id":16799,"href":"https:\/\/www.forum-soegel.de\/information\/wp-json\/wp\/v2\/posts\/16794\/revisions\/16799"}],"wp:attachment":[{"href":"https:\/\/www.forum-soegel.de\/information\/wp-json\/wp\/v2\/media?parent=16794"}],"wp:term":[{"taxonomy":"category","embeddable":true,"href":"https:\/\/www.forum-soegel.de\/information\/wp-json\/wp\/v2\/categories?post=16794"},{"taxonomy":"post_tag","embeddable":true,"href":"https:\/\/www.forum-soegel.de\/information\/wp-json\/wp\/v2\/tags?post=16794"}],"curies":[{"name":"wp","href":"https:\/\/api.w.org\/{rel}","templated":true}]}}