{"id":16791,"date":"2015-08-02T14:42:17","date_gmt":"2015-08-02T12:42:17","guid":{"rendered":"https:\/\/www.forum-soegel.de\/information\/?p=16791"},"modified":"2015-08-02T14:42:17","modified_gmt":"2015-08-02T12:42:17","slug":"karateka-freuen-sich-uber-neue-jacken","status":"publish","type":"post","link":"https:\/\/www.forum-soegel.de\/information\/2015\/08\/karateka-freuen-sich-uber-neue-jacken\/","title":{"rendered":"Karateka freuen sich \u00fcber neue Jacken"},"content":{"rendered":"<p><a href=\"https:\/\/www.forum-soegel.de\/information\/wp-content\/uploads\/2015\/08\/Karateka-freuen-sich-\u00fcber-neue-Jacken.jpg\"><img loading=\"lazy\" decoding=\"async\" class=\"alignleft size-medium wp-image-16792\" title=\"Karateka freuen sich \u00fcber neue Jacken\" src=\"https:\/\/www.forum-soegel.de\/information\/wp-content\/uploads\/2015\/08\/Karateka-freuen-sich-\u00fcber-neue-Jacken-300x200.jpg\" alt=\"\" width=\"300\" height=\"200\" srcset=\"https:\/\/www.forum-soegel.de\/information\/wp-content\/uploads\/2015\/08\/Karateka-freuen-sich-\u00fcber-neue-Jacken-300x200.jpg 300w, https:\/\/www.forum-soegel.de\/information\/wp-content\/uploads\/2015\/08\/Karateka-freuen-sich-\u00fcber-neue-Jacken.jpg 1024w\" sizes=\"auto, (max-width: 300px) 100vw, 300px\" \/><\/a>B\u00f6rger- \u00dcber neue Pr\u00e4sentationsjacken k\u00f6nnen sich die Sportler vom Shotokan Karate DJK Eintracht B\u00f6rger\u00a0 freuen. Sponsorin war die \u00f6rtlich ans\u00e4ssige Steuerberaterin Beate Kossen. Der Trainer Stefan Klaas bedankte sich im Namen der Sportler und des Vereins\u00a0 mit einem Blumenstrau\u00df bei\u00a0 Beate Kossen. Trainingszeiten: Mittwoch und Freitags : 18.00 \u2013 20.00 Uhr\u00a0 in der B\u00f6rger Turnhalle.<\/p>\n<p>&nbsp;<\/p>\n<p>Text\/Foto: Bettina Walker<\/p>\n<p>&nbsp;<\/p>\n","protected":false},"excerpt":{"rendered":"B\u00f6rger- \u00dcber neue Pr\u00e4sentationsjacken k\u00f6nnen sich die Sportler vom Shotokan Karate DJK Eintracht B\u00f6rger\u00a0 freuen. Sponsorin war die \u00f6rtlich ans\u00e4ssige Steuerberaterin Beate Kossen. Der Trainer Stefan Klaas bedankte sich im Namen der Sportler und des Vereins\u00a0 mit einem Blumenstrau\u00df bei\u00a0 Beate Kossen. Trainingszeiten: Mittwoch und Freitags : 18.00 \u2013 20.00 Uhr\u00a0 in der B\u00f6rger Turnhalle. [&hellip;]\n","protected":false},"author":2,"featured_media":0,"comment_status":"closed","ping_status":"closed","sticky":false,"template":"","format":"standard","meta":{"ngg_post_thumbnail":0,"footnotes":""},"categories":[5],"tags":[],"class_list":["post-16791","post","type-post","status-publish","format-standard","hentry","category-was-machen-die-vereine"],"_links":{"self":[{"href":"https:\/\/www.forum-soegel.de\/information\/wp-json\/wp\/v2\/posts\/16791","targetHints":{"allow":["GET"]}}],"collection":[{"href":"https:\/\/www.forum-soegel.de\/information\/wp-json\/wp\/v2\/posts"}],"about":[{"href":"https:\/\/www.forum-soegel.de\/information\/wp-json\/wp\/v2\/types\/post"}],"author":[{"embeddable":true,"href":"https:\/\/www.forum-soegel.de\/information\/wp-json\/wp\/v2\/users\/2"}],"replies":[{"embeddable":true,"href":"https:\/\/www.forum-soegel.de\/information\/wp-json\/wp\/v2\/comments?post=16791"}],"version-history":[{"count":1,"href":"https:\/\/www.forum-soegel.de\/information\/wp-json\/wp\/v2\/posts\/16791\/revisions"}],"predecessor-version":[{"id":16793,"href":"https:\/\/www.forum-soegel.de\/information\/wp-json\/wp\/v2\/posts\/16791\/revisions\/16793"}],"wp:attachment":[{"href":"https:\/\/www.forum-soegel.de\/information\/wp-json\/wp\/v2\/media?parent=16791"}],"wp:term":[{"taxonomy":"category","embeddable":true,"href":"https:\/\/www.forum-soegel.de\/information\/wp-json\/wp\/v2\/categories?post=16791"},{"taxonomy":"post_tag","embeddable":true,"href":"https:\/\/www.forum-soegel.de\/information\/wp-json\/wp\/v2\/tags?post=16791"}],"curies":[{"name":"wp","href":"https:\/\/api.w.org\/{rel}","templated":true}]}}