{"id":16788,"date":"2015-08-02T14:40:48","date_gmt":"2015-08-02T12:40:48","guid":{"rendered":"https:\/\/www.forum-soegel.de\/information\/?p=16788"},"modified":"2015-08-02T14:40:48","modified_gmt":"2015-08-02T12:40:48","slug":"gelungener-grillnachmittag-des-sovd-ortsverbandes-bersenapeldornstavern","status":"publish","type":"post","link":"https:\/\/www.forum-soegel.de\/information\/2015\/08\/gelungener-grillnachmittag-des-sovd-ortsverbandes-bersenapeldornstavern\/","title":{"rendered":"Gelungener Grillnachmittag des SoVD Ortsverbandes Ber\u00dfen\/Apeldorn\/Stavern"},"content":{"rendered":"<p>Stavern &#8211; Der Vorsitzende des Ortsverbandes, Lothar Kubath, konnte in diesem Jahr viele Mitglieder zum Grillnachmittag beim Gasthof Gerdes in Stavern begr\u00fc\u00dfen. Bei Kaffee und Kuchen referierte Rechtsanwalt Otto Lieber aus Meppen \u00fcber das Thema Patientenverf\u00fcgung und alles was damit zusammenh\u00e4ngt.\u00a0 Ein wichtiges Thema, das RA Lieber sehr anschaulich und bis ins Detail erkl\u00e4ren konnte. Er stand anschlie\u00dfend f\u00fcr die Fragen der Mitglieder zur Verf\u00fcgung. Aus den anschlie\u00dfenden Gespr\u00e4chen konnte man entnehmen, dass sich einige Mitglieder in den folgenden Tagen mit diesem Thema auseinandersetzen werden.<\/p>\n<p>Heinz Benten und Rudi Rohe sorgten im Anschluss zusammen mit den Mitgliedern des Vorstandes f\u00fcr eine gelungenes Grillfest.<\/p>\n<p>Text\/Foto: Gerd Rode<\/p>\n<div id=\"attachment_16789\" style=\"width: 310px\" class=\"wp-caption alignnone\"><a href=\"https:\/\/www.forum-soegel.de\/information\/wp-content\/uploads\/2015\/08\/Gelungener-Grillnachmittag-des-SoVD-Ortsverbandes-Ber\u00dfenApeldornStavern.jpg\"><img loading=\"lazy\" decoding=\"async\" aria-describedby=\"caption-attachment-16789\" class=\"size-medium wp-image-16789\" title=\"Gelungener Grillnachmittag des SoVD Ortsverbandes Ber\u00dfenApeldornStavern\" src=\"https:\/\/www.forum-soegel.de\/information\/wp-content\/uploads\/2015\/08\/Gelungener-Grillnachmittag-des-SoVD-Ortsverbandes-Ber\u00dfenApeldornStavern-300x216.jpg\" alt=\"\" width=\"300\" height=\"216\" srcset=\"https:\/\/www.forum-soegel.de\/information\/wp-content\/uploads\/2015\/08\/Gelungener-Grillnachmittag-des-SoVD-Ortsverbandes-Ber\u00dfenApeldornStavern-300x216.jpg 300w, https:\/\/www.forum-soegel.de\/information\/wp-content\/uploads\/2015\/08\/Gelungener-Grillnachmittag-des-SoVD-Ortsverbandes-Ber\u00dfenApeldornStavern.jpg 1024w\" sizes=\"auto, (max-width: 300px) 100vw, 300px\" \/><\/a><p id=\"caption-attachment-16789\" class=\"wp-caption-text\">Der Vorstand mit RA Otto Lieber (2ter von links) und dem Vorsitzenden Lothar Kubath (in der Mitte des Bildes)<\/p><\/div>\n","protected":false},"excerpt":{"rendered":"Stavern &#8211; Der Vorsitzende des Ortsverbandes, Lothar Kubath, konnte in diesem Jahr viele Mitglieder zum Grillnachmittag beim Gasthof Gerdes in Stavern begr\u00fc\u00dfen. Bei Kaffee und Kuchen referierte Rechtsanwalt Otto Lieber aus Meppen \u00fcber das Thema Patientenverf\u00fcgung und alles was damit zusammenh\u00e4ngt.\u00a0 Ein wichtiges Thema, das RA Lieber sehr anschaulich und bis ins Detail erkl\u00e4ren konnte. [&hellip;]\n","protected":false},"author":2,"featured_media":0,"comment_status":"closed","ping_status":"closed","sticky":false,"template":"","format":"standard","meta":{"ngg_post_thumbnail":0,"footnotes":""},"categories":[5],"tags":[],"class_list":["post-16788","post","type-post","status-publish","format-standard","hentry","category-was-machen-die-vereine"],"_links":{"self":[{"href":"https:\/\/www.forum-soegel.de\/information\/wp-json\/wp\/v2\/posts\/16788","targetHints":{"allow":["GET"]}}],"collection":[{"href":"https:\/\/www.forum-soegel.de\/information\/wp-json\/wp\/v2\/posts"}],"about":[{"href":"https:\/\/www.forum-soegel.de\/information\/wp-json\/wp\/v2\/types\/post"}],"author":[{"embeddable":true,"href":"https:\/\/www.forum-soegel.de\/information\/wp-json\/wp\/v2\/users\/2"}],"replies":[{"embeddable":true,"href":"https:\/\/www.forum-soegel.de\/information\/wp-json\/wp\/v2\/comments?post=16788"}],"version-history":[{"count":1,"href":"https:\/\/www.forum-soegel.de\/information\/wp-json\/wp\/v2\/posts\/16788\/revisions"}],"predecessor-version":[{"id":16790,"href":"https:\/\/www.forum-soegel.de\/information\/wp-json\/wp\/v2\/posts\/16788\/revisions\/16790"}],"wp:attachment":[{"href":"https:\/\/www.forum-soegel.de\/information\/wp-json\/wp\/v2\/media?parent=16788"}],"wp:term":[{"taxonomy":"category","embeddable":true,"href":"https:\/\/www.forum-soegel.de\/information\/wp-json\/wp\/v2\/categories?post=16788"},{"taxonomy":"post_tag","embeddable":true,"href":"https:\/\/www.forum-soegel.de\/information\/wp-json\/wp\/v2\/tags?post=16788"}],"curies":[{"name":"wp","href":"https:\/\/api.w.org\/{rel}","templated":true}]}}