{"id":16642,"date":"2015-07-08T23:37:18","date_gmt":"2015-07-08T21:37:18","guid":{"rendered":"https:\/\/www.forum-soegel.de\/information\/?p=16642"},"modified":"2015-07-08T23:37:18","modified_gmt":"2015-07-08T21:37:18","slug":"buntes-sommerferienprogramm-auf-schloss-clemenswerth","status":"publish","type":"post","link":"https:\/\/www.forum-soegel.de\/information\/2015\/07\/buntes-sommerferienprogramm-auf-schloss-clemenswerth\/","title":{"rendered":"Buntes Sommerferienprogramm auf Schloss Clemenswerth"},"content":{"rendered":"<p><a href=\"https:\/\/www.forum-soegel.de\/information\/wp-content\/uploads\/2014\/08\/Schloss-Clemenswerth.jpg\"><img loading=\"lazy\" decoding=\"async\" class=\"alignleft size-full wp-image-14247\" title=\"Schloss Clemenswerth\" src=\"https:\/\/www.forum-soegel.de\/information\/wp-content\/uploads\/2014\/08\/Schloss-Clemenswerth.jpg\" alt=\"\" width=\"201\" height=\"130\" \/><\/a>S\u00f6gel &#8211; Zu den Sommerferien bietet das Emslandmuseum Schloss Clemenswerth wieder ein buntes Ferienprogramm f\u00fcr Kinder an. Neben kreativen Nachmittagen mit u.a. T\u00f6pfern (28.07., 04.08., 11.08., 18.08., 25.08.), T-Shirt-Druck (29.07., 26.08.) und Porzellan bemalen (27.08.) k\u00f6nnen mutige und neugierige Entdecker auch auf Schatzsuche (06.08., 13.08., 20.08.) gehen.<\/p>\n<p>Das vielf\u00e4ltige Angebot richtet sich an alle Altersgruppen. So k\u00f6nnen sich kleinere Kinder mitnehmen lassen auf eine Reise in alte M\u00e4rchenwelten (30.07., 24.08.), w\u00e4hrend die etwas \u00e4lteren beim Kreativprogramm aktiv werden k\u00f6nnen. Besonders das Thema Farbe spielt beim Sommerferienprogramm eine wichtige Rolle. Ob beim Malen mit Ei (27.07., Mo 17.08.), beim T-Shirt-Druck (29.07., 26.08.), dem Steckenpferd bemalen (05.08.) oder der Porzellanmalerei (27.08.) bei allen Veranstaltungen darf es gerne bunt werden. Das Besondere beim Malen mit Ei: Die Farbe wird von den Teilnehmern aus Ei, \u00d6l und Farbpigmenten selbst hergestellt. F\u00fcr Kinder die gerne formen und gestalten bietet die T\u00f6pferwerkstatt den richtigen Rahmen. Nach einer kleinen Einf\u00fchrung zum Thema Ton, d\u00fcrfen aus dem Naturmaterial phantasievolle Gegenst\u00e4nde entstehen. Neu in diesen Ferien sind die Veranstaltungen Apfelkuchen backen (19.08.) und die Schlossf\u00fchrung f\u00fcr Kinder (23.07., 12.08.). Ganz ohne die Gro\u00dfen wird in der Kreativk\u00fcche ein leckeres Blech Apfelkuchen gebacken und im Anschluss nat\u00fcrlich probiert. Bei der Schlossf\u00fchrung wird allerhand \u00fcber die barocke Schlossanlage und dessen Erbauer Clemens August berichtet. Auch bei der Schatzsuche k\u00f6nnen die Teilnehmer viel Wissenswertes \u00fcber die Anlage erfahren, allerdings m\u00fcssen hierzu neue knifflige Fragen beantwortet werden, um den richtigen Hinweisen und somit der Schatzkiste auf die Schliche zu kommen. Beim Familienspa\u00df ist die ganze Familie eingeladen, das Schloss mit allen Sinnen kennen zu lernen (26.07.). Es darf am Lieblingsparf\u00fcm des Kurf\u00fcrsten gerochen und barocker Musik gelauscht werden. Der Familienspa\u00df Mode im Barock (30.08.) thematisiert zun\u00e4chst die strenge Kleiderordnung im Barock, bevor sich die Kinder als Kurf\u00fcrst, Barockdame oder Diener verkleiden k\u00f6nnen. \u2013 F\u00fcr alle Veranstaltungen ist eine Anmeldung unter 05952 \/ 93 23 25 erbeten. Alle Angebote des Sommerferienprogramms finden sich unter <a href=\"https:\/\/www.clemenswerth.de\/\">www.clemenswerth.de<\/a>.<\/p>\n<p>&nbsp;<\/p>\n<p>Text: Sylvia W\u00fcllner \/ Foto: Emslandmuseum Schloss Clemenswerth<\/p>\n","protected":false},"excerpt":{"rendered":"S\u00f6gel &#8211; Zu den Sommerferien bietet das Emslandmuseum Schloss Clemenswerth wieder ein buntes Ferienprogramm f\u00fcr Kinder an. Neben kreativen Nachmittagen mit u.a. T\u00f6pfern (28.07., 04.08., 11.08., 18.08., 25.08.), T-Shirt-Druck (29.07., 26.08.) und Porzellan bemalen (27.08.) k\u00f6nnen mutige und neugierige Entdecker auch auf Schatzsuche (06.08., 13.08., 20.08.) gehen. Das vielf\u00e4ltige Angebot richtet sich an alle Altersgruppen. [&hellip;]\n","protected":false},"author":2,"featured_media":0,"comment_status":"closed","ping_status":"closed","sticky":false,"template":"","format":"standard","meta":{"ngg_post_thumbnail":0,"footnotes":""},"categories":[3],"tags":[],"class_list":["post-16642","post","type-post","status-publish","format-standard","hentry","category-aktuelles-aus-der-region"],"_links":{"self":[{"href":"https:\/\/www.forum-soegel.de\/information\/wp-json\/wp\/v2\/posts\/16642","targetHints":{"allow":["GET"]}}],"collection":[{"href":"https:\/\/www.forum-soegel.de\/information\/wp-json\/wp\/v2\/posts"}],"about":[{"href":"https:\/\/www.forum-soegel.de\/information\/wp-json\/wp\/v2\/types\/post"}],"author":[{"embeddable":true,"href":"https:\/\/www.forum-soegel.de\/information\/wp-json\/wp\/v2\/users\/2"}],"replies":[{"embeddable":true,"href":"https:\/\/www.forum-soegel.de\/information\/wp-json\/wp\/v2\/comments?post=16642"}],"version-history":[{"count":1,"href":"https:\/\/www.forum-soegel.de\/information\/wp-json\/wp\/v2\/posts\/16642\/revisions"}],"predecessor-version":[{"id":16643,"href":"https:\/\/www.forum-soegel.de\/information\/wp-json\/wp\/v2\/posts\/16642\/revisions\/16643"}],"wp:attachment":[{"href":"https:\/\/www.forum-soegel.de\/information\/wp-json\/wp\/v2\/media?parent=16642"}],"wp:term":[{"taxonomy":"category","embeddable":true,"href":"https:\/\/www.forum-soegel.de\/information\/wp-json\/wp\/v2\/categories?post=16642"},{"taxonomy":"post_tag","embeddable":true,"href":"https:\/\/www.forum-soegel.de\/information\/wp-json\/wp\/v2\/tags?post=16642"}],"curies":[{"name":"wp","href":"https:\/\/api.w.org\/{rel}","templated":true}]}}