{"id":16621,"date":"2015-07-08T23:23:50","date_gmt":"2015-07-08T21:23:50","guid":{"rendered":"https:\/\/www.forum-soegel.de\/information\/?p=16621"},"modified":"2015-07-08T23:23:50","modified_gmt":"2015-07-08T21:23:50","slug":"wochenmarkt-neu","status":"publish","type":"post","link":"https:\/\/www.forum-soegel.de\/information\/2015\/07\/wochenmarkt-neu\/","title":{"rendered":"Wochenmarkt! Neu!"},"content":{"rendered":"<p>S\u00f6gel &#8211; Der Wochenmarkt in S\u00f6gel ist ab dem 1. Juli in der Zeit von 7:30 Uhr bis 15 Uhr auf dem ersten Marktplatz ge\u00f6ffnet. Ein neuer Fleischh\u00e4ndler wird den Markt bereichern!<\/p>\n<p>&nbsp;<\/p>\n<p>Text: Ingrid Cloppenburg<\/p>\n","protected":false},"excerpt":{"rendered":"S\u00f6gel &#8211; Der Wochenmarkt in S\u00f6gel ist ab dem 1. Juli in der Zeit von 7:30 Uhr bis 15 Uhr auf dem ersten Marktplatz ge\u00f6ffnet. Ein neuer Fleischh\u00e4ndler wird den Markt bereichern! &nbsp; Text: Ingrid Cloppenburg\n","protected":false},"author":2,"featured_media":0,"comment_status":"closed","ping_status":"closed","sticky":false,"template":"","format":"standard","meta":{"ngg_post_thumbnail":0,"footnotes":""},"categories":[10],"tags":[],"class_list":["post-16621","post","type-post","status-publish","format-standard","hentry","category-rat-und-verwaltung-informieren"],"_links":{"self":[{"href":"https:\/\/www.forum-soegel.de\/information\/wp-json\/wp\/v2\/posts\/16621","targetHints":{"allow":["GET"]}}],"collection":[{"href":"https:\/\/www.forum-soegel.de\/information\/wp-json\/wp\/v2\/posts"}],"about":[{"href":"https:\/\/www.forum-soegel.de\/information\/wp-json\/wp\/v2\/types\/post"}],"author":[{"embeddable":true,"href":"https:\/\/www.forum-soegel.de\/information\/wp-json\/wp\/v2\/users\/2"}],"replies":[{"embeddable":true,"href":"https:\/\/www.forum-soegel.de\/information\/wp-json\/wp\/v2\/comments?post=16621"}],"version-history":[{"count":1,"href":"https:\/\/www.forum-soegel.de\/information\/wp-json\/wp\/v2\/posts\/16621\/revisions"}],"predecessor-version":[{"id":16622,"href":"https:\/\/www.forum-soegel.de\/information\/wp-json\/wp\/v2\/posts\/16621\/revisions\/16622"}],"wp:attachment":[{"href":"https:\/\/www.forum-soegel.de\/information\/wp-json\/wp\/v2\/media?parent=16621"}],"wp:term":[{"taxonomy":"category","embeddable":true,"href":"https:\/\/www.forum-soegel.de\/information\/wp-json\/wp\/v2\/categories?post=16621"},{"taxonomy":"post_tag","embeddable":true,"href":"https:\/\/www.forum-soegel.de\/information\/wp-json\/wp\/v2\/tags?post=16621"}],"curies":[{"name":"wp","href":"https:\/\/api.w.org\/{rel}","templated":true}]}}