{"id":14891,"date":"2014-11-22T17:23:52","date_gmt":"2014-11-22T16:23:52","guid":{"rendered":"https:\/\/www.forum-soegel.de\/information\/?p=14891"},"modified":"2014-11-22T17:24:04","modified_gmt":"2014-11-22T16:24:04","slug":"pflege-mit-herz-hand-und-verstand","status":"publish","type":"post","link":"https:\/\/www.forum-soegel.de\/information\/2014\/11\/pflege-mit-herz-hand-und-verstand\/","title":{"rendered":"Pflege mit Herz, Hand und Verstand"},"content":{"rendered":"<p style=\"text-align: left;\" align=\"center\"><strong>Examen bestanden: Neue Fachkr\u00e4fte f\u00fcr die Pflege<\/strong><\/p>\n<p><a href=\"https:\/\/www.forum-soegel.de\/information\/wp-content\/uploads\/2014\/11\/Pflege-mit-Herz-Hand-und-Verstand2.jpg\"><img loading=\"lazy\" decoding=\"async\" class=\"alignleft size-thumbnail wp-image-14893\" title=\"Pflege mit Herz, Hand und Verstand2\" src=\"https:\/\/www.forum-soegel.de\/information\/wp-content\/uploads\/2014\/11\/Pflege-mit-Herz-Hand-und-Verstand2-150x150.jpg\" alt=\"\" width=\"150\" height=\"150\" \/><\/a>S\u00f6gel &#8211; Neun Auszubildende der Ausbildungsst\u00e4tte f\u00fcr Pflegeberufe am H\u00fcmmling Hospital S\u00f6gel freuen sich \u00fcber ihr bestandenes Examen. Seit September sind sie examinierte Gesundheits- und Krankenpfleger\/-innen. W\u00e4hrend einer Feierstunde im S\u00f6geler Krankenhaus \u00fcberreichte Schulleiter Bernhard Brachem den Absolventen ihre Zeugnisse und Urkunden.<\/p>\n<p>Pflege soll Defizite pflegebed\u00fcrftiger Menschen ausgleichen, hob Bernhard Brachem in seiner Rede hervor. \u201eDazu bedarf es Einf\u00fchlungsverm\u00f6gen\u201c, so der Schulleiter weiter. Er w\u00fcnsche sich von den Absolventen, dass sie so pflegen, \u201ewie sie selbst gepflegt werden m\u00f6chten. Mit Herz, Hand und Verstand\u201c. Den Dank des Hauses \u00fcberbrachte Leiter Pflege- und Patientenmanagement Jens Eilers. Er lobte die hohe fachliche Qualifikation der Absolventen und ihr Engagement der vergangenen drei Jahre. Pastor Bernhard Horstmann w\u00fcnschte den neuen Pflegefachkr\u00e4ften w\u00e4hrend des Wortgottesdienstes, dass sie in Zukunft immer die richtigen und tr\u00f6stenden Worte f\u00fcr ihre Patienten und deren Angeh\u00f6rigen finden m\u00f6gen. \u201eSeien sie den Menschen zugewandt!\u201c Die Absolventen bedankten sich bei allen an der Ausbildung beteiligten f\u00fcr die Unterst\u00fctzung der vergangenen drei Jahre.<\/p>\n<p>Hinter den Absolventen liegt eine dreij\u00e4hrige Ausbildungszeit mit 2100 Stunden theoretischem Unterricht und 2500 Stunden Praxis. Das Examen bestanden: Lena B\u00fcter (S\u00f6gel), Valentina Chripunkow (Werlte), Christin Eilers (Werlte), Dominik Hus (Hasel\u00fcnne), Kristina Langolf (Haren), Anne Lucks (Werpeloh), Christine Schmidt (Lorup), Binefsch Shamo (Werlte) und Sandra Walter (L\u00e4hden).<\/p>\n<p>Text\/Foto: H\u00fcmmling Hospital S\u00f6gel<\/p>\n<div id=\"attachment_14892\" style=\"width: 310px\" class=\"wp-caption alignnone\"><a href=\"https:\/\/www.forum-soegel.de\/information\/wp-content\/uploads\/2014\/11\/Pflege-mit-Herz-Hand-und-Verstand1.jpg\"><img loading=\"lazy\" decoding=\"async\" aria-describedby=\"caption-attachment-14892\" class=\"size-medium wp-image-14892\" title=\"Pflege mit Herz, Hand und Verstand1\" src=\"https:\/\/www.forum-soegel.de\/information\/wp-content\/uploads\/2014\/11\/Pflege-mit-Herz-Hand-und-Verstand1-300x225.jpg\" alt=\"\" width=\"300\" height=\"225\" srcset=\"https:\/\/www.forum-soegel.de\/information\/wp-content\/uploads\/2014\/11\/Pflege-mit-Herz-Hand-und-Verstand1-300x225.jpg 300w, https:\/\/www.forum-soegel.de\/information\/wp-content\/uploads\/2014\/11\/Pflege-mit-Herz-Hand-und-Verstand1.jpg 1024w\" sizes=\"auto, (max-width: 300px) 100vw, 300px\" \/><\/a><p id=\"caption-attachment-14892\" class=\"wp-caption-text\">Neun Auszubildende der Ausbildungsst\u00e4tte f\u00fcr Pflegeberufe am H\u00fcmmling Hospital S\u00f6gel freuen sich \u00fcber ihr bestandenes Examen.<\/p><\/div>\n","protected":false},"excerpt":{"rendered":"Examen bestanden: Neue Fachkr\u00e4fte f\u00fcr die Pflege S\u00f6gel &#8211; Neun Auszubildende der Ausbildungsst\u00e4tte f\u00fcr Pflegeberufe am H\u00fcmmling Hospital S\u00f6gel freuen sich \u00fcber ihr bestandenes Examen. Seit September sind sie examinierte Gesundheits- und Krankenpfleger\/-innen. W\u00e4hrend einer Feierstunde im S\u00f6geler Krankenhaus \u00fcberreichte Schulleiter Bernhard Brachem den Absolventen ihre Zeugnisse und Urkunden. Pflege soll Defizite pflegebed\u00fcrftiger Menschen ausgleichen, [&hellip;]\n","protected":false},"author":2,"featured_media":0,"comment_status":"closed","ping_status":"closed","sticky":false,"template":"","format":"standard","meta":{"ngg_post_thumbnail":0,"footnotes":""},"categories":[25],"tags":[],"class_list":["post-14891","post","type-post","status-publish","format-standard","hentry","category-hauptsache-gesund"],"_links":{"self":[{"href":"https:\/\/www.forum-soegel.de\/information\/wp-json\/wp\/v2\/posts\/14891","targetHints":{"allow":["GET"]}}],"collection":[{"href":"https:\/\/www.forum-soegel.de\/information\/wp-json\/wp\/v2\/posts"}],"about":[{"href":"https:\/\/www.forum-soegel.de\/information\/wp-json\/wp\/v2\/types\/post"}],"author":[{"embeddable":true,"href":"https:\/\/www.forum-soegel.de\/information\/wp-json\/wp\/v2\/users\/2"}],"replies":[{"embeddable":true,"href":"https:\/\/www.forum-soegel.de\/information\/wp-json\/wp\/v2\/comments?post=14891"}],"version-history":[{"count":2,"href":"https:\/\/www.forum-soegel.de\/information\/wp-json\/wp\/v2\/posts\/14891\/revisions"}],"predecessor-version":[{"id":14895,"href":"https:\/\/www.forum-soegel.de\/information\/wp-json\/wp\/v2\/posts\/14891\/revisions\/14895"}],"wp:attachment":[{"href":"https:\/\/www.forum-soegel.de\/information\/wp-json\/wp\/v2\/media?parent=14891"}],"wp:term":[{"taxonomy":"category","embeddable":true,"href":"https:\/\/www.forum-soegel.de\/information\/wp-json\/wp\/v2\/categories?post=14891"},{"taxonomy":"post_tag","embeddable":true,"href":"https:\/\/www.forum-soegel.de\/information\/wp-json\/wp\/v2\/tags?post=14891"}],"curies":[{"name":"wp","href":"https:\/\/api.w.org\/{rel}","templated":true}]}}