{"id":1483,"date":"2010-04-01T00:01:40","date_gmt":"2010-03-31T22:01:40","guid":{"rendered":"https:\/\/www.forum-soegel.de\/information\/?p=1483"},"modified":"2010-04-02T16:34:37","modified_gmt":"2010-04-02T14:34:37","slug":"kolpingkapelle-sogel-beim-karneval-in-wiesbaden","status":"publish","type":"post","link":"https:\/\/www.forum-soegel.de\/information\/2010\/04\/kolpingkapelle-sogel-beim-karneval-in-wiesbaden\/","title":{"rendered":"Kolpingkapelle S\u00f6gel beim Karneval in Wiesbaden"},"content":{"rendered":"<p>Am 13. und 14. Februar verbrachte die Kolpingkapelle S\u00f6gel mit 3 Fahnentr\u00e4gern der Kolpingfamilie S\u00f6gel-Stavern ein erlebnisreiches Wochenende beim Karneval in Wiesbaden.<\/p>\n<p>Mit dem Sturm auf das Rathaus am Samstag hatte sie ihren ersten Auftritt.<\/p>\n<p>Nach der Zimmerverteilung in der Polizeischule ging es abends zur n\u00e4chsten Veranstaltung und zwar zu einem Karnevalsfest, an dem die S\u00f6geler Musiker den Abend musikalisch mitgestalteten.<\/p>\n<p>Am Sonntag wurde dann beim gro\u00dfen Karnevalsumzug mit 250 000 Karnevalisten mitmarschiert und musiziert.<\/p>\n<p>F\u00fcr die Bl\u00e4ser und Fahnentr\u00e4ger, die am Abend schlie\u00dflich sichtlich ersch\u00f6pft, aber gut gelaunt den Heimweg antraten, ein unvergessliches Erlebnis.<\/p>\n<p>Text\/Fotos: Gisela Arling<\/p>\n<p><a href=\"https:\/\/www.forum-soegel.de\/information\/wp-content\/uploads\/2010\/03\/Kolping-Wi11.jpg\"><img loading=\"lazy\" decoding=\"async\" class=\"alignnone size-thumbnail wp-image-1485\" title=\"Kolping Wi1\" src=\"https:\/\/www.forum-soegel.de\/information\/wp-content\/uploads\/2010\/03\/Kolping-Wi11-150x150.jpg\" alt=\"\" width=\"150\" height=\"150\" \/><\/a>\u00a0<a href=\"https:\/\/www.forum-soegel.de\/information\/wp-content\/uploads\/2010\/03\/Kolping-Wi2.jpg\"><img loading=\"lazy\" decoding=\"async\" class=\"alignnone size-thumbnail wp-image-1486\" title=\"Kolping Wi2\" src=\"https:\/\/www.forum-soegel.de\/information\/wp-content\/uploads\/2010\/03\/Kolping-Wi2-150x150.jpg\" alt=\"\" width=\"150\" height=\"150\" \/><\/a>\u00a0<a href=\"https:\/\/www.forum-soegel.de\/information\/wp-content\/uploads\/2010\/03\/Kolping-Wi3.jpg\"><img loading=\"lazy\" decoding=\"async\" class=\"alignnone size-thumbnail wp-image-1487\" title=\"Kolping Wi3\" src=\"https:\/\/www.forum-soegel.de\/information\/wp-content\/uploads\/2010\/03\/Kolping-Wi3-150x150.jpg\" alt=\"\" width=\"150\" height=\"150\" \/><\/a><\/p>\n<p><a href=\"https:\/\/www.forum-soegel.de\/information\/wp-content\/uploads\/2010\/03\/Kolping-Wi4.jpg\"><img loading=\"lazy\" decoding=\"async\" class=\"alignnone size-thumbnail wp-image-1488\" title=\"Kolping Wi4\" src=\"https:\/\/www.forum-soegel.de\/information\/wp-content\/uploads\/2010\/03\/Kolping-Wi4-150x150.jpg\" alt=\"\" width=\"150\" height=\"150\" \/><\/a>\u00a0<a href=\"https:\/\/www.forum-soegel.de\/information\/wp-content\/uploads\/2010\/03\/Kolping-Wi5.jpg\"><img loading=\"lazy\" decoding=\"async\" class=\"alignnone size-thumbnail wp-image-1489\" title=\"Kolping Wi5\" src=\"https:\/\/www.forum-soegel.de\/information\/wp-content\/uploads\/2010\/03\/Kolping-Wi5-150x150.jpg\" alt=\"\" width=\"150\" height=\"150\" \/><\/a>\u00a0<a href=\"https:\/\/www.forum-soegel.de\/information\/wp-content\/uploads\/2010\/03\/KOWI1.jpg\"><img loading=\"lazy\" decoding=\"async\" class=\"alignnone size-thumbnail wp-image-1490\" title=\"KOWI1\" src=\"https:\/\/www.forum-soegel.de\/information\/wp-content\/uploads\/2010\/03\/KOWI1-150x150.jpg\" alt=\"\" width=\"150\" height=\"150\" \/><\/a><\/p>\n<p><a href=\"https:\/\/www.forum-soegel.de\/information\/wp-content\/uploads\/2010\/03\/KOWI2.jpg\"><img loading=\"lazy\" decoding=\"async\" class=\"alignnone size-thumbnail wp-image-1491\" title=\"KOWI2\" src=\"https:\/\/www.forum-soegel.de\/information\/wp-content\/uploads\/2010\/03\/KOWI2-150x150.jpg\" alt=\"\" width=\"150\" height=\"150\" \/><\/a>\u00a0<a href=\"https:\/\/www.forum-soegel.de\/information\/wp-content\/uploads\/2010\/03\/KOWI3.jpg\"><img loading=\"lazy\" decoding=\"async\" class=\"alignnone size-thumbnail wp-image-1492\" title=\"KOWI3\" src=\"https:\/\/www.forum-soegel.de\/information\/wp-content\/uploads\/2010\/03\/KOWI3-150x150.jpg\" alt=\"\" width=\"150\" height=\"150\" \/><\/a>\u00a0<a href=\"https:\/\/www.forum-soegel.de\/information\/wp-content\/uploads\/2010\/03\/KOWI4.jpg\"><img loading=\"lazy\" decoding=\"async\" class=\"alignnone size-thumbnail wp-image-1493\" title=\"KOWI4\" src=\"https:\/\/www.forum-soegel.de\/information\/wp-content\/uploads\/2010\/03\/KOWI4-150x150.jpg\" alt=\"\" width=\"150\" height=\"150\" \/><\/a><\/p>\n","protected":false},"excerpt":{"rendered":"Am 13. und 14. Februar verbrachte die Kolpingkapelle S\u00f6gel mit 3 Fahnentr\u00e4gern der Kolpingfamilie S\u00f6gel-Stavern ein erlebnisreiches Wochenende beim Karneval in Wiesbaden. Mit dem Sturm auf das Rathaus am Samstag hatte sie ihren ersten Auftritt. Nach der Zimmerverteilung in der Polizeischule ging es abends zur n\u00e4chsten Veranstaltung und zwar zu einem Karnevalsfest, an dem die [&hellip;]\n","protected":false},"author":2,"featured_media":0,"comment_status":"closed","ping_status":"closed","sticky":false,"template":"","format":"standard","meta":{"ngg_post_thumbnail":0,"footnotes":""},"categories":[5],"tags":[222,262,263],"class_list":["post-1483","post","type-post","status-publish","format-standard","hentry","category-was-machen-die-vereine","tag-karneval","tag-kolpingkapelle","tag-wiesbaden"],"_links":{"self":[{"href":"https:\/\/www.forum-soegel.de\/information\/wp-json\/wp\/v2\/posts\/1483","targetHints":{"allow":["GET"]}}],"collection":[{"href":"https:\/\/www.forum-soegel.de\/information\/wp-json\/wp\/v2\/posts"}],"about":[{"href":"https:\/\/www.forum-soegel.de\/information\/wp-json\/wp\/v2\/types\/post"}],"author":[{"embeddable":true,"href":"https:\/\/www.forum-soegel.de\/information\/wp-json\/wp\/v2\/users\/2"}],"replies":[{"embeddable":true,"href":"https:\/\/www.forum-soegel.de\/information\/wp-json\/wp\/v2\/comments?post=1483"}],"version-history":[{"count":4,"href":"https:\/\/www.forum-soegel.de\/information\/wp-json\/wp\/v2\/posts\/1483\/revisions"}],"predecessor-version":[{"id":1669,"href":"https:\/\/www.forum-soegel.de\/information\/wp-json\/wp\/v2\/posts\/1483\/revisions\/1669"}],"wp:attachment":[{"href":"https:\/\/www.forum-soegel.de\/information\/wp-json\/wp\/v2\/media?parent=1483"}],"wp:term":[{"taxonomy":"category","embeddable":true,"href":"https:\/\/www.forum-soegel.de\/information\/wp-json\/wp\/v2\/categories?post=1483"},{"taxonomy":"post_tag","embeddable":true,"href":"https:\/\/www.forum-soegel.de\/information\/wp-json\/wp\/v2\/tags?post=1483"}],"curies":[{"name":"wp","href":"https:\/\/api.w.org\/{rel}","templated":true}]}}