{"id":1475,"date":"2010-04-01T00:01:44","date_gmt":"2010-03-31T22:01:44","guid":{"rendered":"https:\/\/www.forum-soegel.de\/information\/?p=1475"},"modified":"2010-04-02T16:32:46","modified_gmt":"2010-04-02T14:32:46","slug":"generalversammlung-schutzenkapelle","status":"publish","type":"post","link":"https:\/\/www.forum-soegel.de\/information\/2010\/04\/generalversammlung-schutzenkapelle\/","title":{"rendered":"Generalversammlung Sch\u00fctzenkapelle"},"content":{"rendered":"<p>Am 26. Februr fand in L\u00fcns Hus die Generalversammlung der Sch\u00fctzenkapelle statt.<\/p>\n<p>Zuerst wurden die \u00fcblichen Tagesordnungspunkte wie Protokoll der letztj\u00e4hrigen GV, Berichte des Vorsitzenden, Kassenwart, Jugendwart und Dirigent vorgetragen.<\/p>\n<p>Danach erfolgten die turnusm\u00e4\u00dfigen Wahlen, mit folgenden Ergebnissen<\/p>\n<p>Vorsitzender: Bernd Deters<\/p>\n<p>Kassenwart: Holger Kuper<\/p>\n<p>Jugendwart: Burkhard Becker<\/p>\n<p>stellv. Dirigentin: Marina Kessens<\/p>\n<p>Notenwart: Thomas G\u00e4ken<\/p>\n<p>Das Hauptthema der Generalversammlung war das 25j\u00e4hrige Jubil\u00e4um, das die Sch\u00fctzenkapelle in diesem Jahr feiern wird. Folgende Termine sind vorgesehen:<\/p>\n<p>17. April &#8211; Jubil\u00e4umskonzert in L\u00fcns Hus<\/p>\n<p>27. Juni &#8211; Feldmesse zusammen mit dem Kirchenchor<\/p>\n<p>15. Oktober &#8211; Festkommers<\/p>\n<p>16. Oktober &#8211; Musikerball<\/p>\n<p>Die einzelnen Aussch\u00fcsse berichteten \u00fcber den momentanen Stand der Vorbereitungen.<\/p>\n<p>Eintrittskarten f\u00fcr das Jubil\u00e4umskonzert k\u00f6nnen ab sofort f\u00fcr den Preis von 6 \u20ac erworben werden.<\/p>\n<p>Nach der Feldmesse soll ein Familientag f\u00fcr die ganze Gemeinde angeboten werden.<\/p>\n<p>Beim Festkommers werden die Ehrungen und die Neuaufnahmen vorgenommen.<\/p>\n<p>F\u00fcr den Musikerball wurde die Tanzkapelle &#8222;Sound Express&#8220; verpflichtet.<\/p>\n<p>Hans Jansen (Oberst des Sch\u00fctzenvereins) \u00fcberreichte als Unterst\u00fctzung f\u00fcr die Kosten, die ein solches Jubil\u00e4um verursacht, einen Scheck in H\u00f6he von 1000\u20ac.\u00a0 Dies wurde mit gro\u00dfem Applaus und Dank aufgenommen.<\/p>\n<p>Text: Werner R\u00fcdebusch \/Foto: Markus Freese-Dickebohm<\/p>\n<p><a href=\"https:\/\/www.forum-soegel.de\/information\/wp-content\/uploads\/2010\/03\/IMG_4448.jpg\"><img loading=\"lazy\" decoding=\"async\" class=\"alignnone size-medium wp-image-1476\" title=\"IMG_4448\" src=\"https:\/\/www.forum-soegel.de\/information\/wp-content\/uploads\/2010\/03\/IMG_4448-300x200.jpg\" alt=\"\" width=\"180\" height=\"120\" srcset=\"https:\/\/www.forum-soegel.de\/information\/wp-content\/uploads\/2010\/03\/IMG_4448-300x200.jpg 300w, https:\/\/www.forum-soegel.de\/information\/wp-content\/uploads\/2010\/03\/IMG_4448.jpg 800w\" sizes=\"auto, (max-width: 180px) 100vw, 180px\" \/><\/a>\u00a0<a href=\"https:\/\/www.forum-soegel.de\/information\/wp-content\/uploads\/2010\/03\/IMG_4455.jpg\"><img loading=\"lazy\" decoding=\"async\" class=\"alignnone size-medium wp-image-1477\" title=\"IMG_4455\" src=\"https:\/\/www.forum-soegel.de\/information\/wp-content\/uploads\/2010\/03\/IMG_4455-300x200.jpg\" alt=\"\" width=\"180\" height=\"120\" srcset=\"https:\/\/www.forum-soegel.de\/information\/wp-content\/uploads\/2010\/03\/IMG_4455-300x200.jpg 300w, https:\/\/www.forum-soegel.de\/information\/wp-content\/uploads\/2010\/03\/IMG_4455.jpg 800w\" sizes=\"auto, (max-width: 180px) 100vw, 180px\" \/><\/a><\/p>\n<p><a href=\"https:\/\/www.forum-soegel.de\/information\/wp-content\/uploads\/2010\/03\/IMG_4463.jpg\"><img loading=\"lazy\" decoding=\"async\" class=\"alignnone size-medium wp-image-1478\" title=\"IMG_4463\" src=\"https:\/\/www.forum-soegel.de\/information\/wp-content\/uploads\/2010\/03\/IMG_4463-300x200.jpg\" alt=\"\" width=\"180\" height=\"120\" srcset=\"https:\/\/www.forum-soegel.de\/information\/wp-content\/uploads\/2010\/03\/IMG_4463-300x200.jpg 300w, https:\/\/www.forum-soegel.de\/information\/wp-content\/uploads\/2010\/03\/IMG_4463.jpg 800w\" sizes=\"auto, (max-width: 180px) 100vw, 180px\" \/><\/a>\u00a0<a href=\"https:\/\/www.forum-soegel.de\/information\/wp-content\/uploads\/2010\/03\/IMG_4470.jpg\"><img loading=\"lazy\" decoding=\"async\" class=\"alignnone size-medium wp-image-1479\" title=\"IMG_4470\" src=\"https:\/\/www.forum-soegel.de\/information\/wp-content\/uploads\/2010\/03\/IMG_4470-300x200.jpg\" alt=\"\" width=\"180\" height=\"120\" srcset=\"https:\/\/www.forum-soegel.de\/information\/wp-content\/uploads\/2010\/03\/IMG_4470-300x200.jpg 300w, https:\/\/www.forum-soegel.de\/information\/wp-content\/uploads\/2010\/03\/IMG_4470.jpg 800w\" sizes=\"auto, (max-width: 180px) 100vw, 180px\" \/><\/a><\/p>\n","protected":false},"excerpt":{"rendered":"Am 26. Februr fand in L\u00fcns Hus die Generalversammlung der Sch\u00fctzenkapelle statt. Zuerst wurden die \u00fcblichen Tagesordnungspunkte wie Protokoll der letztj\u00e4hrigen GV, Berichte des Vorsitzenden, Kassenwart, Jugendwart und Dirigent vorgetragen. Danach erfolgten die turnusm\u00e4\u00dfigen Wahlen, mit folgenden Ergebnissen Vorsitzender: Bernd Deters Kassenwart: Holger Kuper Jugendwart: Burkhard Becker stellv. Dirigentin: Marina Kessens Notenwart: Thomas G\u00e4ken Das [&hellip;]\n","protected":false},"author":2,"featured_media":0,"comment_status":"closed","ping_status":"closed","sticky":false,"template":"","format":"standard","meta":{"ngg_post_thumbnail":0,"footnotes":""},"categories":[5],"tags":[49],"class_list":["post-1475","post","type-post","status-publish","format-standard","hentry","category-was-machen-die-vereine","tag-schutzenkapelle-st-johannes"],"_links":{"self":[{"href":"https:\/\/www.forum-soegel.de\/information\/wp-json\/wp\/v2\/posts\/1475","targetHints":{"allow":["GET"]}}],"collection":[{"href":"https:\/\/www.forum-soegel.de\/information\/wp-json\/wp\/v2\/posts"}],"about":[{"href":"https:\/\/www.forum-soegel.de\/information\/wp-json\/wp\/v2\/types\/post"}],"author":[{"embeddable":true,"href":"https:\/\/www.forum-soegel.de\/information\/wp-json\/wp\/v2\/users\/2"}],"replies":[{"embeddable":true,"href":"https:\/\/www.forum-soegel.de\/information\/wp-json\/wp\/v2\/comments?post=1475"}],"version-history":[{"count":5,"href":"https:\/\/www.forum-soegel.de\/information\/wp-json\/wp\/v2\/posts\/1475\/revisions"}],"predecessor-version":[{"id":1663,"href":"https:\/\/www.forum-soegel.de\/information\/wp-json\/wp\/v2\/posts\/1475\/revisions\/1663"}],"wp:attachment":[{"href":"https:\/\/www.forum-soegel.de\/information\/wp-json\/wp\/v2\/media?parent=1475"}],"wp:term":[{"taxonomy":"category","embeddable":true,"href":"https:\/\/www.forum-soegel.de\/information\/wp-json\/wp\/v2\/categories?post=1475"},{"taxonomy":"post_tag","embeddable":true,"href":"https:\/\/www.forum-soegel.de\/information\/wp-json\/wp\/v2\/tags?post=1475"}],"curies":[{"name":"wp","href":"https:\/\/api.w.org\/{rel}","templated":true}]}}