{"id":143,"date":"2010-02-21T14:22:42","date_gmt":"2010-02-21T12:22:42","guid":{"rendered":"https:\/\/www.forum-soegel.de\/information\/?p=143"},"modified":"2010-02-21T14:23:48","modified_gmt":"2010-02-21T12:23:48","slug":"aktion-%e2%80%93-kinder-helfen-kindern-%e2%80%93-auf-dem-sogeler-weihnachtsmarkt-2","status":"publish","type":"post","link":"https:\/\/www.forum-soegel.de\/information\/2010\/02\/aktion-%e2%80%93-kinder-helfen-kindern-%e2%80%93-auf-dem-sogeler-weihnachtsmarkt-2\/","title":{"rendered":"Aktion \u2013 Kinder helfen Kindern \u2013 auf dem S\u00f6geler Weihnachtsmarkt"},"content":{"rendered":"<p><!-- \t\t@page { margin: 2cm } \t\tP { margin-bottom: 0.21cm } --><span style=\"font-size: x-small;\">Bereits zum dritten mal initiieren Mitglieder der Sigiltra \u2013 Sportgruppe Er &amp; Sie diese Aktion auf dem S\u00f6geler Weihnachtsmarkt und dem Weihnachtsmarkt an der H\u00fcvener M\u00fchle. Sch\u00fclerinnen und Sch\u00fcler aller Schulen in S\u00f6gel und den Nachbargemeinden, Kinder des St. Jakobus Kindergarten und viele Familien haben vor den Weihnachtsmarktterminen ihre Spielschr\u00e4nke durchforstet und ausnahmslos gut erhaltene Spiele, B\u00fccher, Stofftiere und vieles mehr gespendet. <\/span><span style=\"font-size: x-small;\">Mit dem ehrenamtlichen Einsatz der Sportgruppen &#8211; Damen und Herren an den Weihnachtsmarkttagen und den vom Sigiltra-Vortstand gro\u00dfz\u00fcgig \u00fcbernommenen Kosten f\u00fcr den hei\u00dfen Apfelwein, der als Alternative zum Gl\u00fchwein ausgeschenkt wurde, konnte der gesamte Erl\u00f6s, uneingeschr\u00e4nkt dem M\u00fctter und Familienzentrum S\u00f6gel \u00fcbergeben werden. <\/span><span style=\"font-size: x-small;\">Mit 631,00 Euro ist es gelungen, den Vorjahreserl\u00f6s noch einmal zu \u201etoppen\u201c <\/span><span style=\"font-size: x-small;\">F\u00fcr den Sigiltra \u2013 Vorstand \u00fcberreichte Michael Langen mit einem symbolischen Scheck den Betrag an Anja Hinrichs, Leiterin des Zentrums. <\/span><span style=\"font-size: x-small;\">Langen bedankte sich bei dem Verkaufsteam und betonte, das ohne den Einsatz der Ehrenamtlichen diese Aktion nicht m\u00f6glich w\u00e4re. <\/span><span style=\"font-size: x-small;\">Anja Hinrichs freute sich, mit dem Geld das \u00fcberholungsbed\u00fcrftige \u201eKlettergestell\u201c neu zu gestalten. <\/span><span style=\"font-size: x-small;\">Die Damen des Zentrums revanchierten sich mit Kaffee und Kuchen. <\/span><\/p>\n<p><span style=\"font-size: xx-small;\">Text\/Foto: KS <\/span><\/p>\n<p><a href=\"https:\/\/www.forum-soegel.de\/information\/wp-content\/uploads\/2010\/02\/Kinder-helfen-Kinder.jpg\"><img loading=\"lazy\" decoding=\"async\" class=\"alignnone size-thumbnail wp-image-144\" title=\"Kinder helfen Kinder\" src=\"https:\/\/www.forum-soegel.de\/information\/wp-content\/uploads\/2010\/02\/Kinder-helfen-Kinder-150x150.jpg\" alt=\"\" width=\"150\" height=\"150\" \/><\/a><\/p>\n","protected":false},"excerpt":{"rendered":"Bereits zum dritten mal initiieren Mitglieder der Sigiltra \u2013 Sportgruppe Er &amp; Sie diese Aktion auf dem S\u00f6geler Weihnachtsmarkt und dem Weihnachtsmarkt an der H\u00fcvener M\u00fchle. Sch\u00fclerinnen und Sch\u00fcler aller Schulen in S\u00f6gel und den Nachbargemeinden, Kinder des St. Jakobus Kindergarten und viele Familien haben vor den Weihnachtsmarktterminen ihre Spielschr\u00e4nke durchforstet und ausnahmslos gut erhaltene [&hellip;]\n","protected":false},"author":2,"featured_media":0,"comment_status":"closed","ping_status":"closed","sticky":false,"template":"","format":"standard","meta":{"ngg_post_thumbnail":0,"footnotes":""},"categories":[3],"tags":[],"class_list":["post-143","post","type-post","status-publish","format-standard","hentry","category-aktuelles-aus-der-region"],"_links":{"self":[{"href":"https:\/\/www.forum-soegel.de\/information\/wp-json\/wp\/v2\/posts\/143","targetHints":{"allow":["GET"]}}],"collection":[{"href":"https:\/\/www.forum-soegel.de\/information\/wp-json\/wp\/v2\/posts"}],"about":[{"href":"https:\/\/www.forum-soegel.de\/information\/wp-json\/wp\/v2\/types\/post"}],"author":[{"embeddable":true,"href":"https:\/\/www.forum-soegel.de\/information\/wp-json\/wp\/v2\/users\/2"}],"replies":[{"embeddable":true,"href":"https:\/\/www.forum-soegel.de\/information\/wp-json\/wp\/v2\/comments?post=143"}],"version-history":[{"count":4,"href":"https:\/\/www.forum-soegel.de\/information\/wp-json\/wp\/v2\/posts\/143\/revisions"}],"predecessor-version":[{"id":524,"href":"https:\/\/www.forum-soegel.de\/information\/wp-json\/wp\/v2\/posts\/143\/revisions\/524"}],"wp:attachment":[{"href":"https:\/\/www.forum-soegel.de\/information\/wp-json\/wp\/v2\/media?parent=143"}],"wp:term":[{"taxonomy":"category","embeddable":true,"href":"https:\/\/www.forum-soegel.de\/information\/wp-json\/wp\/v2\/categories?post=143"},{"taxonomy":"post_tag","embeddable":true,"href":"https:\/\/www.forum-soegel.de\/information\/wp-json\/wp\/v2\/tags?post=143"}],"curies":[{"name":"wp","href":"https:\/\/api.w.org\/{rel}","templated":true}]}}