{"id":14275,"date":"2014-08-03T14:22:50","date_gmt":"2014-08-03T12:22:50","guid":{"rendered":"https:\/\/www.forum-soegel.de\/information\/?p=14275"},"modified":"2014-08-03T14:22:50","modified_gmt":"2014-08-03T12:22:50","slug":"belgien-ist-weltmeister","status":"publish","type":"post","link":"https:\/\/www.forum-soegel.de\/information\/2014\/08\/belgien-ist-weltmeister\/","title":{"rendered":"Belgien ist Weltmeister"},"content":{"rendered":"<p><strong>Projektwoche der Grundschule St. Johannes Spahnharrenst\u00e4tte zum Thema Fu\u00dfball-Weltmeisterschaft 2014<\/strong><\/p>\n<p>Spahnharrenst\u00e4tte &#8211; Deutschland hat die Fu\u00dfballweltmeisterschaft in Brasilien gewonnen. Nicht so bei der Projektwoche der Grundschule St. Johannes in Spahnharrenst\u00e4tte, die in der Zeit vom 07. bis 11. Juli 2014 stattfand.<\/p>\n<p>An allen Projekttagen arbeiteten die Sch\u00fclerinnen und Sch\u00fcler in unterschiedlichen Gruppen und bemalten zum Beispiel T-Shirts und Flaggen. Au\u00dferdem wurden Fu\u00dfballersteckbriefe erstellt sowie Fensterbilder gebastelt. In Musikgruppen sind zudem Lieder f\u00fcr den Gottesdienst und ein Fu\u00dfball-Rap einge\u00fcbt worden. Wichtig waren den Kindern aber vor allem die Trainingseinheiten auf dem Fu\u00dfballfeld.<\/p>\n<p>H\u00f6hepunkt der Projektwoche war der Abschlusstag. Dieser begann mit einem Wortgottesdienst. Im Anschluss daran fand ein Menschenkicker-Turnier in Form einer kleinen WM statt. Dabei waren die Schulkinder in die acht L\u00e4nder des echten Achtelfinals in Deutschland, Brasilien, Frankreich, Belgien, Kolumbien, Costa Rica, Argentinien und Niederlande eingeteilt. Beim Turnier in Spahnharrenst\u00e4tte setzte sich dabei Belgien knapp vor Costa Rica durch und konnte den selbstgebastelten Pokal in Empfang nehmen. Den dritten Platz sicherte sich die Mannschaft aus Argentinien.<\/p>\n<p>Schulleiterin Annemarie Rode zeigte sich am Ende der Projektwoche begeistert. Es sei sehr sch\u00f6n gewesen, dass sowohl die Sch\u00fclerinnen und Sch\u00fcler als auch die Eltern, die am Abschlusstag f\u00fcr selbstgebackenen Kuchen und Getr\u00e4nke sorgten, mit so gro\u00dfer Begeisterung und Engagement bei der Sache waren. Besonders erfreulich war auch, dass beim Turnier so viele Eltern, Gro\u00dfeltern und Freunde mit dabei waren und so zu einer gelungenen Projektwoche ma\u00dfgeblich beigetragen haben.<\/p>\n<p>Text:\u00a0Grundschule\/VSPH<\/p>\n<p><a href=\"https:\/\/www.forum-soegel.de\/information\/wp-content\/uploads\/2014\/08\/03-P7110526.jpg\"><img loading=\"lazy\" decoding=\"async\" class=\"alignnone size-thumbnail wp-image-14276\" title=\"OLYMPUS DIGITAL CAMERA\" src=\"https:\/\/www.forum-soegel.de\/information\/wp-content\/uploads\/2014\/08\/03-P7110526-150x150.jpg\" alt=\"\" width=\"150\" height=\"150\" \/><\/a>\u00a0\u00a0<a href=\"https:\/\/www.forum-soegel.de\/information\/wp-content\/uploads\/2014\/08\/05-132.jpg\"><img loading=\"lazy\" decoding=\"async\" class=\"alignnone size-thumbnail wp-image-14277\" title=\"05-132\" src=\"https:\/\/www.forum-soegel.de\/information\/wp-content\/uploads\/2014\/08\/05-132-150x150.jpg\" alt=\"\" width=\"150\" height=\"150\" \/><\/a><\/p>\n<p><a href=\"https:\/\/www.forum-soegel.de\/information\/wp-content\/uploads\/2014\/08\/18-226.jpg\"><img loading=\"lazy\" decoding=\"async\" class=\"alignnone size-thumbnail wp-image-14278\" title=\"18-226\" src=\"https:\/\/www.forum-soegel.de\/information\/wp-content\/uploads\/2014\/08\/18-226-150x150.jpg\" alt=\"\" width=\"150\" height=\"150\" \/><\/a>\u00a0\u00a0<a href=\"https:\/\/www.forum-soegel.de\/information\/wp-content\/uploads\/2014\/08\/16-173.jpg\"><img loading=\"lazy\" decoding=\"async\" class=\"alignnone size-thumbnail wp-image-14279\" title=\"16-173\" src=\"https:\/\/www.forum-soegel.de\/information\/wp-content\/uploads\/2014\/08\/16-173-150x150.jpg\" alt=\"\" width=\"150\" height=\"150\" \/><\/a><\/p>\n","protected":false},"excerpt":{"rendered":"Projektwoche der Grundschule St. Johannes Spahnharrenst\u00e4tte zum Thema Fu\u00dfball-Weltmeisterschaft 2014 Spahnharrenst\u00e4tte &#8211; Deutschland hat die Fu\u00dfballweltmeisterschaft in Brasilien gewonnen. Nicht so bei der Projektwoche der Grundschule St. Johannes in Spahnharrenst\u00e4tte, die in der Zeit vom 07. bis 11. Juli 2014 stattfand. An allen Projekttagen arbeiteten die Sch\u00fclerinnen und Sch\u00fcler in unterschiedlichen Gruppen und bemalten zum [&hellip;]\n","protected":false},"author":2,"featured_media":0,"comment_status":"closed","ping_status":"closed","sticky":false,"template":"","format":"standard","meta":{"ngg_post_thumbnail":0,"footnotes":""},"categories":[6],"tags":[],"class_list":["post-14275","post","type-post","status-publish","format-standard","hentry","category-aus-der-schule-geplaudert"],"_links":{"self":[{"href":"https:\/\/www.forum-soegel.de\/information\/wp-json\/wp\/v2\/posts\/14275","targetHints":{"allow":["GET"]}}],"collection":[{"href":"https:\/\/www.forum-soegel.de\/information\/wp-json\/wp\/v2\/posts"}],"about":[{"href":"https:\/\/www.forum-soegel.de\/information\/wp-json\/wp\/v2\/types\/post"}],"author":[{"embeddable":true,"href":"https:\/\/www.forum-soegel.de\/information\/wp-json\/wp\/v2\/users\/2"}],"replies":[{"embeddable":true,"href":"https:\/\/www.forum-soegel.de\/information\/wp-json\/wp\/v2\/comments?post=14275"}],"version-history":[{"count":2,"href":"https:\/\/www.forum-soegel.de\/information\/wp-json\/wp\/v2\/posts\/14275\/revisions"}],"predecessor-version":[{"id":14281,"href":"https:\/\/www.forum-soegel.de\/information\/wp-json\/wp\/v2\/posts\/14275\/revisions\/14281"}],"wp:attachment":[{"href":"https:\/\/www.forum-soegel.de\/information\/wp-json\/wp\/v2\/media?parent=14275"}],"wp:term":[{"taxonomy":"category","embeddable":true,"href":"https:\/\/www.forum-soegel.de\/information\/wp-json\/wp\/v2\/categories?post=14275"},{"taxonomy":"post_tag","embeddable":true,"href":"https:\/\/www.forum-soegel.de\/information\/wp-json\/wp\/v2\/tags?post=14275"}],"curies":[{"name":"wp","href":"https:\/\/api.w.org\/{rel}","templated":true}]}}