{"id":14028,"date":"2014-07-01T19:45:47","date_gmt":"2014-07-01T17:45:47","guid":{"rendered":"https:\/\/www.forum-soegel.de\/information\/?p=14028"},"modified":"2014-07-15T19:46:51","modified_gmt":"2014-07-15T17:46:51","slug":"%e2%80%9ekleines-fest-im-grosen-park%e2%80%9c-kartenvergabe-gestartet","status":"publish","type":"post","link":"https:\/\/www.forum-soegel.de\/information\/2014\/07\/%e2%80%9ekleines-fest-im-grosen-park%e2%80%9c-kartenvergabe-gestartet\/","title":{"rendered":"\u201eKleines Fest im gro\u00dfen Park\u201c: Kartenvergabe gestartet"},"content":{"rendered":"<p>Bereits zum zehnten Mal veranstaltet der Landkreis Emsland am 23. August das \u201eKleine Fest im gro\u00dfen Park\u201c \u2013 und wie schon in den vergangenen Jahren soll bei entsprechend hoher Nachfrage auch in 2014 wieder per Losverfahren dar\u00fcber entschieden werden, wer Karten erh\u00e4lt. Das erkl\u00e4rten Erster Kreisrat Martin Gerenkamp und der k\u00fcnstlerische Leiter des Festes, Harald B\u00f6hlmann, heute in einem Pressegespr\u00e4ch vor Ort. Bis zum 15. Juli k\u00f6nnen sich Interessierte auf der Internetseite <a href=\"https:\/\/www.vorverkauf-kleinesfest.de\/\">www.vorverkauf-kleinesfest.de<\/a> schriftlich bewerben. Das entsprechende Formular ist als Download hinterlegt und kann dort ausgef\u00fcllt und online versandt werden. Dar\u00fcber hinaus sind Ausdrucke bei den Tourist-Informationen der emsl\u00e4ndischen St\u00e4dte und Gemeinden erh\u00e4ltlich. Pro Bestellung d\u00fcrfen h\u00f6chstens vier Karten zum Preis von 23 Euro f\u00fcr Erwachsene bzw. zehn Euro f\u00fcr Kinder beantragt werden. Bis zum 10. August werden alle Teilnehmer benachrichtigt. Wer in den Genuss eines Tickets kommt, darf sich wieder auf ein vielf\u00e4ltiges Programm mit mehr als 50 K\u00fcnstlern aus aller Welt freuen.<\/p>\n<p>Text: Ingrid Cloppenburg<\/p>\n","protected":false},"excerpt":{"rendered":"Bereits zum zehnten Mal veranstaltet der Landkreis Emsland am 23. August das \u201eKleine Fest im gro\u00dfen Park\u201c \u2013 und wie schon in den vergangenen Jahren soll bei entsprechend hoher Nachfrage auch in 2014 wieder per Losverfahren dar\u00fcber entschieden werden, wer Karten erh\u00e4lt. Das erkl\u00e4rten Erster Kreisrat Martin Gerenkamp und der k\u00fcnstlerische Leiter des Festes, Harald [&hellip;]\n","protected":false},"author":2,"featured_media":0,"comment_status":"closed","ping_status":"closed","sticky":false,"template":"","format":"standard","meta":{"ngg_post_thumbnail":0,"footnotes":""},"categories":[3],"tags":[],"class_list":["post-14028","post","type-post","status-publish","format-standard","hentry","category-aktuelles-aus-der-region"],"_links":{"self":[{"href":"https:\/\/www.forum-soegel.de\/information\/wp-json\/wp\/v2\/posts\/14028","targetHints":{"allow":["GET"]}}],"collection":[{"href":"https:\/\/www.forum-soegel.de\/information\/wp-json\/wp\/v2\/posts"}],"about":[{"href":"https:\/\/www.forum-soegel.de\/information\/wp-json\/wp\/v2\/types\/post"}],"author":[{"embeddable":true,"href":"https:\/\/www.forum-soegel.de\/information\/wp-json\/wp\/v2\/users\/2"}],"replies":[{"embeddable":true,"href":"https:\/\/www.forum-soegel.de\/information\/wp-json\/wp\/v2\/comments?post=14028"}],"version-history":[{"count":1,"href":"https:\/\/www.forum-soegel.de\/information\/wp-json\/wp\/v2\/posts\/14028\/revisions"}],"predecessor-version":[{"id":14029,"href":"https:\/\/www.forum-soegel.de\/information\/wp-json\/wp\/v2\/posts\/14028\/revisions\/14029"}],"wp:attachment":[{"href":"https:\/\/www.forum-soegel.de\/information\/wp-json\/wp\/v2\/media?parent=14028"}],"wp:term":[{"taxonomy":"category","embeddable":true,"href":"https:\/\/www.forum-soegel.de\/information\/wp-json\/wp\/v2\/categories?post=14028"},{"taxonomy":"post_tag","embeddable":true,"href":"https:\/\/www.forum-soegel.de\/information\/wp-json\/wp\/v2\/tags?post=14028"}],"curies":[{"name":"wp","href":"https:\/\/api.w.org\/{rel}","templated":true}]}}