{"id":13884,"date":"2014-07-15T17:02:08","date_gmt":"2014-07-15T15:02:08","guid":{"rendered":"https:\/\/www.forum-soegel.de\/information\/?p=13884"},"modified":"2014-07-15T17:02:08","modified_gmt":"2014-07-15T15:02:08","slug":"vorstand-forum-sogel-e-v-besucht-partnergemeinde-norg","status":"publish","type":"post","link":"https:\/\/www.forum-soegel.de\/information\/2014\/07\/vorstand-forum-sogel-e-v-besucht-partnergemeinde-norg\/","title":{"rendered":"Vorstand FORUM S\u00f6gel e.V. besucht Partnergemeinde Norg"},"content":{"rendered":"<p>S\u00f6gel &#8211; Partnerschaften geh\u00f6ren gepflegt. Das gilt auch f\u00fcr die Beziehungen zwischen europ\u00e4ischen Partnergemeinden. Seit 1982 besteht zwischen den Gemeinden S\u00f6gel und Norg in den Niederlanden eine Partnerschaft, die durch gemeinsame Veranstaltungen und gegenseitige Besuche ausgebaut und gefestigt wurde. Dazu z\u00e4hlten j\u00fcngst auch Besuche von Norger Abordnungen in der Geschichts- und Zukunftswerkstatt des FORUM S\u00f6gel e.V..<\/p>\n<p>Am 31. Mai machte sich nun der Vorstand\u00a0 auf den Weg zum Gegenbesuch nach Norg. Mehr \u00fcber die Geschichte von Norg und die umliegende Region zu erfahren, war Kernpunkt des Besuchsprogramms. Und, vorweg gesagt, das wurde von den Gastgebern in hervorragender Weise realisiert. Nach einem \u00fcberaus herzlichen Empfang f\u00fchrte der Weg zu den Denkmalen f\u00fcr die von den Nazis am 08.April 1945 erschossenen \u00f6rtlichen Widerstandsk\u00e4mpfer sowie an anderem Ort f\u00fcr die 1942 \u00fcber 100 deportierten und ermordeten Juden, die zuvor in einem Arbeitslager nahe Norg untergebracht waren. Ebenfalls eindrucksvoll erg\u00e4nzte eine F\u00fchrung \u00fcber das Gel\u00e4nde des Flugplatzes der Nazi-Luftwaffe in Peest das Besuchsprogramm. Den Schwerpunkt bildete dann die Besichtigung der einzigartigen Gefangenensiedlung Veenhuizen, fr\u00fcher ein geschlossenes Dorf mit autarker Versorgung. Da der Besuch keinen Selbstzweck erf\u00fcllen, sondern dem Gedankenaustausch zur F\u00f6rderung des Verst\u00e4ndnisses der Geschichte beider Partnerorte dienen sollte, wurden zuk\u00fcnftige gemeinsame Projekte beraten. Konkret ins Auge gefasst wird eine Gedenkveranstaltung am 08.April 2015, siebzig Jahre nach der Ermordung der Norger Widerstandsk\u00e4mpfer und am selben Tag des Bombenangriffs auf S\u00f6gel.<\/p>\n<p>Text\/Foto: Bernd Eggert<\/p>\n<p><a href=\"https:\/\/www.forum-soegel.de\/information\/wp-content\/uploads\/2014\/07\/Vorstand-FORUM-S\u00f6gel-e.V.-besucht-Partnergemeinde-Norg1.jpg\"><img loading=\"lazy\" decoding=\"async\" class=\"alignnone size-thumbnail wp-image-13885\" title=\"Vorstand FORUM S\u00f6gel e.V. besucht Partnergemeinde Norg1\" src=\"https:\/\/www.forum-soegel.de\/information\/wp-content\/uploads\/2014\/07\/Vorstand-FORUM-S\u00f6gel-e.V.-besucht-Partnergemeinde-Norg1-150x150.jpg\" alt=\"\" width=\"150\" height=\"150\" \/><\/a>\u00a0\u00a0<a href=\"https:\/\/www.forum-soegel.de\/information\/wp-content\/uploads\/2014\/07\/Vorstand-FORUM-S\u00f6gel-e.V.-besucht-Partnergemeinde-Norg2.jpg\"><img loading=\"lazy\" decoding=\"async\" class=\"alignnone size-thumbnail wp-image-13886\" title=\"Vorstand FORUM S\u00f6gel e.V. besucht Partnergemeinde Norg2\" src=\"https:\/\/www.forum-soegel.de\/information\/wp-content\/uploads\/2014\/07\/Vorstand-FORUM-S\u00f6gel-e.V.-besucht-Partnergemeinde-Norg2-150x150.jpg\" alt=\"\" width=\"150\" height=\"150\" \/><\/a>\u00a0\u00a0<a href=\"https:\/\/www.forum-soegel.de\/information\/wp-content\/uploads\/2014\/07\/Vorstand-FORUM-S\u00f6gel-e.V.-besucht-Partnergemeinde-Norg3.jpg\"><img loading=\"lazy\" decoding=\"async\" class=\"alignnone size-thumbnail wp-image-13887\" title=\"Vorstand FORUM S\u00f6gel e.V. besucht Partnergemeinde Norg3\" src=\"https:\/\/www.forum-soegel.de\/information\/wp-content\/uploads\/2014\/07\/Vorstand-FORUM-S\u00f6gel-e.V.-besucht-Partnergemeinde-Norg3-150x150.jpg\" alt=\"\" width=\"150\" height=\"150\" \/><\/a><\/p>\n","protected":false},"excerpt":{"rendered":"S\u00f6gel &#8211; Partnerschaften geh\u00f6ren gepflegt. Das gilt auch f\u00fcr die Beziehungen zwischen europ\u00e4ischen Partnergemeinden. Seit 1982 besteht zwischen den Gemeinden S\u00f6gel und Norg in den Niederlanden eine Partnerschaft, die durch gemeinsame Veranstaltungen und gegenseitige Besuche ausgebaut und gefestigt wurde. Dazu z\u00e4hlten j\u00fcngst auch Besuche von Norger Abordnungen in der Geschichts- und Zukunftswerkstatt des FORUM S\u00f6gel [&hellip;]\n","protected":false},"author":2,"featured_media":0,"comment_status":"closed","ping_status":"closed","sticky":false,"template":"","format":"standard","meta":{"ngg_post_thumbnail":0,"footnotes":""},"categories":[5],"tags":[],"class_list":["post-13884","post","type-post","status-publish","format-standard","hentry","category-was-machen-die-vereine"],"_links":{"self":[{"href":"https:\/\/www.forum-soegel.de\/information\/wp-json\/wp\/v2\/posts\/13884","targetHints":{"allow":["GET"]}}],"collection":[{"href":"https:\/\/www.forum-soegel.de\/information\/wp-json\/wp\/v2\/posts"}],"about":[{"href":"https:\/\/www.forum-soegel.de\/information\/wp-json\/wp\/v2\/types\/post"}],"author":[{"embeddable":true,"href":"https:\/\/www.forum-soegel.de\/information\/wp-json\/wp\/v2\/users\/2"}],"replies":[{"embeddable":true,"href":"https:\/\/www.forum-soegel.de\/information\/wp-json\/wp\/v2\/comments?post=13884"}],"version-history":[{"count":1,"href":"https:\/\/www.forum-soegel.de\/information\/wp-json\/wp\/v2\/posts\/13884\/revisions"}],"predecessor-version":[{"id":13888,"href":"https:\/\/www.forum-soegel.de\/information\/wp-json\/wp\/v2\/posts\/13884\/revisions\/13888"}],"wp:attachment":[{"href":"https:\/\/www.forum-soegel.de\/information\/wp-json\/wp\/v2\/media?parent=13884"}],"wp:term":[{"taxonomy":"category","embeddable":true,"href":"https:\/\/www.forum-soegel.de\/information\/wp-json\/wp\/v2\/categories?post=13884"},{"taxonomy":"post_tag","embeddable":true,"href":"https:\/\/www.forum-soegel.de\/information\/wp-json\/wp\/v2\/tags?post=13884"}],"curies":[{"name":"wp","href":"https:\/\/api.w.org\/{rel}","templated":true}]}}