{"id":1388,"date":"2010-04-01T00:15:45","date_gmt":"2010-03-31T22:15:45","guid":{"rendered":"https:\/\/www.forum-soegel.de\/information\/?p=1388"},"modified":"2010-04-30T06:42:09","modified_gmt":"2010-04-30T04:42:09","slug":"www-forum-soegel-de","status":"publish","type":"post","link":"https:\/\/www.forum-soegel.de\/information\/2010\/04\/www-forum-soegel-de\/","title":{"rendered":"www.forum-soegel.de"},"content":{"rendered":"<p>Ab dem 6. April 2010 ist Forum S\u00f6gel e.V.\u00a0 auch im Internet vertreten. Unter der Adresse:<\/p>\n<p>www.forum-soegel.de\u00a0 erreichen Sie zun\u00e4chst die Vereins-Homepage. Dort finden sie Aktuelles und Interessantes aus dem Vereinsleben aber auch detaillierte Angaben zu Aufbau und Struktur. (Vorstand, Arbeitsgruppen etc.)<\/p>\n<p>Interessant d\u00fcrfte f\u00fcr viele die neue, gemeinsame Rubrik <strong>Veranstaltungshinweise <\/strong>sein. Per Internet wird es uns nun m\u00f6glich, Sie aktuell, schnell und \u00fcber die Brosch\u00fcre hinausgehend, \u00fcber bemerkenswerte regionale Veranstaltungen zu informieren.<\/p>\n<p>In weiteren Internetportalen k\u00f6nnen Sie sich dann umfassend \u00fcber beide wichtigen Arbeitsbereiche des Vereins informieren:<\/p>\n<p><strong>Forum Pr\u00e4sentation<\/strong> (Geschichts- und Zukunftswerkstatt)<\/p>\n<p><strong>Forum Information<\/strong> (Informationen f\u00fcr S\u00f6gel und Umgebung)\u00a0<\/p>\n<p><strong>Forum Pr\u00e4sentation<\/strong> informiert Sie \u00fcber Inhalte und Ziele, Projekte und Aktionen der \u201e<strong>Geschichts- und Zukunftswerkstatt\u201c<\/strong>. Interessant sind sicher auch die verschiedenen Spa\u00df-Parcours-Angebote f\u00fcr Kinderg\u00e4rten, Schulen sowie weitere Besuchergruppen.\u00a0<\/p>\n<p>Ein Blick hinter die Kulissen zeigt unter anderem einmal die vielen engagierten<\/p>\n<p>Mitarbeiter, die den umfangreichen Betrieb der \u201eGeschichts- und Zukunftswerkstatt\u201c erst erm\u00f6glichen.<\/p>\n<p>Mit der Rubrik Ideenb\u00f6rse m\u00f6chten wir gemeinsam mit Besuchern und allen Interessierten einen Ideenpool schaffen, um unsere Arbeiten im Forum S\u00f6gel e.V. kreativ weiter entwickeln zu k\u00f6nnen.<\/p>\n<p>Unter\u00a0 \u201e<strong>Forum Information<\/strong>\u201c stehen Ihnen ab dem 6.April2010 die Artikel der Brosch\u00fcre \u201e<strong>Informationen f\u00fcr S\u00f6gel und Umgebung\u201c<\/strong> auch online zur Verf\u00fcgung.<\/p>\n<p>Die Online-Version stellt aus unserer Sicht eine sinnvolle Erg\u00e4nzung zu der Brosch\u00fcre, die Sie jetzt in H\u00e4nden halten und die es auch in Zukunft in gewohnter Weise geben wird, dar.<\/p>\n<p>Sie bietet folgende Vorteile:<\/p>\n<ul>\n<li>Artikel, die aufgrund des begrenzten Platzes in der papiergebundenen Version ggf. gek\u00fcrzt werden mussten, k\u00f6nnen wir f\u00fcr Sie dort in voller L\u00e4nge bereitstellen.<\/li>\n<\/ul>\n<p>\u00a0<\/p>\n<ul>\n<li>Oft erhalten wir zu einem Bericht viele wundersch\u00f6ne Fotos zugestellt. Aufgrund des bereits erw\u00e4hnten knappen Platzes k\u00f6nnen wir aber nur ein oder max. zwei Fotos pr\u00e4sentieren. Auf der Internetseite der Information f\u00fcr S\u00f6gel und Umgebung k\u00f6nnen wir Ihnen zu einem Artikel weitere Fotos zeigen.<\/li>\n<\/ul>\n<p>\u00a0<\/p>\n<ul>\n<li>Hin und wieder erscheinen Artikel, die uns zugesandt werden nicht, weil das Heft einfach bereits voll ist. Auch diese Artikel sollen in Zukunft nicht unter den Tisch fallen, sondern k\u00f6nnen dort eingestellt werden und von Ihnen eingesehen werden.<\/li>\n<\/ul>\n<p>\u00a0<\/p>\n<ul>\n<li>Artikel, die noch angeliefert werden, wenn sich das Heft bereits im Druck befindet und deren Informationsgehalt kurzfristig wichtig und interessant ist, k\u00f6nnen wir im Grunde genommen von heute auf morgen dort einstellen und Ihnen somit zug\u00e4nglich machen. Eine Ver\u00f6ffentlichung in der Brosch\u00fcre erfolgt dann in der Regel im folgenden Monat.<\/li>\n<\/ul>\n<p>\u00a0<\/p>\n<ul>\n<li>Unsere Artikel mit Informationen \u00fcber S\u00f6gel und Umgebung k\u00f6nnen dann auch von Interessierten au\u00dferhalb des Erscheinungsgebietes unserer Brosch\u00fcre eingesehen werden.<\/li>\n<\/ul>\n<p>Erlauben Sie noch ein paar kurze Hinweise zum inhaltlichen Aufbau unserer Internetpr\u00e4senz. Alle Artikel sind auch dort in die gleichen Kategorien eingeteilt, wie Sie es bereits aus unserer Brosch\u00fcre gewohnt sind. Ferner k\u00f6nnen Sie sich die Artikel \u00fcber das Archiv monatsweise selektiert anzeigen lassen. Das gibt Ihnen die M\u00f6glichkeit gezielt Artikel zur\u00fcckliegender Hefte (die Artikel ab Heft Januar 2010 stehen zur Zeit zur Verf\u00fcgung) aufzurufen. Selbstverst\u00e4ndlich fehlt auch die M\u00f6glichkeit \u00fcber eine Suchfunktion oder \u00fcber sog. Schlagworte gezielt nach Informationen zu suchen, die Sie interessieren, nicht.<\/p>\n<p>Sie m\u00f6chten Hinweise, Verbesserungsvorschl\u00e4ge oder aber auch Kritik zu unserer Internetpr\u00e4senz oder zur Brosch\u00fcre loswerden? Auch dies ist dort m\u00f6glich. Wir freuen uns \u00fcber jeden Hinweis, jede R\u00fcckmeldung von Ihnen.<\/p>\n<p>Die gesamte Redaktion w\u00fcnscht Ihnen weiterhin viel Spa\u00df mit unseren \u201eInformationen f\u00fcr S\u00f6gel und Umgebung\u201c, sei es als Brosch\u00fcre oder als Online-Version im Internet.<\/p>\n<p>Die Internet-Teams vom Forum-S\u00f6gel e.V. freuen sich, Ihnen mit der Homepage <a href=\"https:\/\/www.forum-soegel.de\/\">www.forum-soegel.de<\/a> ein neues, interessantes Angebot der Informationsbeschaffung bereitstellen zu k\u00f6nnen.<\/p>\n<p>F\u00fcr die Zukunft w\u00fcnschen wir uns viele Besucher auf unserer Homepage, sowie viele Kontakte und R\u00fcckmeldungen von Ihnen.<\/p>\n<p>Hermann Wichmann\u00a0\u00a0\u00a0\u00a0\u00a0\u00a0\u00a0\u00a0\u00a0\u00a0\u00a0\u00a0\u00a0\u00a0\u00a0\u00a0\u00a0\u00a0\u00a0\u00a0\u00a0\u00a0\u00a0\u00a0\u00a0\u00a0\u00a0\u00a0\u00a0\u00a0\u00a0\u00a0\u00a0\u00a0\u00a0\u00a0\u00a0\u00a0\u00a0\u00a0\u00a0\u00a0\u00a0\u00a0\u00a0\u00a0\u00a0\u00a0\u00a0\u00a0\u00a0\u00a0 Georg Sewerin<\/p>\n<p>Forum Pr\u00e4sentation\u00a0\u00a0\u00a0\u00a0\u00a0\u00a0\u00a0\u00a0\u00a0\u00a0\u00a0\u00a0\u00a0\u00a0\u00a0\u00a0\u00a0\u00a0\u00a0\u00a0\u00a0\u00a0\u00a0\u00a0\u00a0\u00a0\u00a0\u00a0\u00a0\u00a0\u00a0\u00a0\u00a0\u00a0\u00a0\u00a0\u00a0\u00a0\u00a0\u00a0\u00a0\u00a0\u00a0\u00a0\u00a0\u00a0\u00a0\u00a0\u00a0\u00a0\u00a0\u00a0\u00a0 Forum Information<\/p>\n","protected":false},"excerpt":{"rendered":"Ab dem 6. April 2010 ist Forum S\u00f6gel e.V.\u00a0 auch im Internet vertreten. Unter der Adresse: www.forum-soegel.de\u00a0 erreichen Sie zun\u00e4chst die Vereins-Homepage. Dort finden sie Aktuelles und Interessantes aus dem Vereinsleben aber auch detaillierte Angaben zu Aufbau und Struktur. (Vorstand, Arbeitsgruppen etc.) Interessant d\u00fcrfte f\u00fcr viele die neue, gemeinsame Rubrik Veranstaltungshinweise sein. Per Internet wird [&hellip;]\n","protected":false},"author":2,"featured_media":0,"comment_status":"closed","ping_status":"closed","sticky":false,"template":"","format":"standard","meta":{"ngg_post_thumbnail":0,"footnotes":""},"categories":[5],"tags":[156],"class_list":["post-1388","post","type-post","status-publish","format-standard","hentry","category-was-machen-die-vereine","tag-forum-sogel"],"_links":{"self":[{"href":"https:\/\/www.forum-soegel.de\/information\/wp-json\/wp\/v2\/posts\/1388","targetHints":{"allow":["GET"]}}],"collection":[{"href":"https:\/\/www.forum-soegel.de\/information\/wp-json\/wp\/v2\/posts"}],"about":[{"href":"https:\/\/www.forum-soegel.de\/information\/wp-json\/wp\/v2\/types\/post"}],"author":[{"embeddable":true,"href":"https:\/\/www.forum-soegel.de\/information\/wp-json\/wp\/v2\/users\/2"}],"replies":[{"embeddable":true,"href":"https:\/\/www.forum-soegel.de\/information\/wp-json\/wp\/v2\/comments?post=1388"}],"version-history":[{"count":8,"href":"https:\/\/www.forum-soegel.de\/information\/wp-json\/wp\/v2\/posts\/1388\/revisions"}],"predecessor-version":[{"id":1390,"href":"https:\/\/www.forum-soegel.de\/information\/wp-json\/wp\/v2\/posts\/1388\/revisions\/1390"}],"wp:attachment":[{"href":"https:\/\/www.forum-soegel.de\/information\/wp-json\/wp\/v2\/media?parent=1388"}],"wp:term":[{"taxonomy":"category","embeddable":true,"href":"https:\/\/www.forum-soegel.de\/information\/wp-json\/wp\/v2\/categories?post=1388"},{"taxonomy":"post_tag","embeddable":true,"href":"https:\/\/www.forum-soegel.de\/information\/wp-json\/wp\/v2\/tags?post=1388"}],"curies":[{"name":"wp","href":"https:\/\/api.w.org\/{rel}","templated":true}]}}