{"id":13877,"date":"2014-07-15T16:58:53","date_gmt":"2014-07-15T14:58:53","guid":{"rendered":"https:\/\/www.forum-soegel.de\/information\/?p=13877"},"modified":"2014-07-15T16:58:53","modified_gmt":"2014-07-15T14:58:53","slug":"mitgliederversammlung-des-forums-e-v-sogel","status":"publish","type":"post","link":"https:\/\/www.forum-soegel.de\/information\/2014\/07\/mitgliederversammlung-des-forums-e-v-sogel\/","title":{"rendered":"Mitgliederversammlung des Forums e. V. S\u00f6gel"},"content":{"rendered":"<p>S\u00f6gel &#8211; Am 22. 5. 14 fand die allj\u00e4hrliche Mitgliedersammlung des Forums statt. Im Clemenswerther Hof, S\u00f6gel, konnte der Vorsitzende Bernd Eggert neben den Vereinsmitgliedern die S\u00f6geler B\u00fcrgermeisterin Irmgard Welling und den Ersten Samtgemeinderat Hans Nowak begr\u00fc\u00dfen. Nach einem Gedenken der im verflossenen Jahr verstorbenen Vereinsmitglieder gab B. Eggert einen Rechenschaftsbericht f\u00fcrs letzte Jahr in Form einer Text- und Bilderschau. Neben vielen anderen Aktivit\u00e4ten sind dabei besonders zu nennen die Fortf\u00fchrung der Geschichtswerkstatt bis zum Jahr 1945 mit ihrer Vorstellung bei den Forumsmitgliedern, die Buchpr\u00e4sentation \u201eZu Hause ist, wo man Wurzeln&#8220; schl\u00e4gt im S\u00f6geler Rathaus, die Teilnahme an der Ideen-Kultur-B\u00f6rse in Lingen, die mit der KEB durchgef\u00fchrte Vortragsreihe \u201eDen H\u00fcmmling verstehen&#8220; und nicht zuletzt die F\u00fchrung von 31 Besuchergruppen und insgesamt 610 Besuchern durch die Geschichtswerkstatt.<\/p>\n<p>Neben den laufenden Arbeiten f\u00fcr das Monatsperiodikum IfS und den F\u00fchrungen in der Geschichtswerkstatt sind f\u00fcr das kommende Jahr geplant und teils schon \u201ein trockenen T\u00fcchern&#8220; die Ausstellung \u201eS\u00f6gel im Ersten Weltkrieg&#8220; im S\u00f6geler Rathaus Ludmillenhof (Er\u00f6ffnung am 21. 7. 14) mit Ver\u00f6ffentlichung eines Quellenbandes, eine Sonderausstellung zum deutschen Widerstand \u201eWas konnten sie tun?&#8220; im September\/Oktober in der Geschichtswerkstatt und neben vielen weiteren Themenangeboten die Fortf\u00fchrung der Geschichtswerkstatt von 1945 bis in die Jetztzeit. Dabei werden ins Blickfeld genommen: die Kriegsauswirkungen mit ihren verschiedenen Facetten, die britische Besatzung, die Gr\u00fcndung von Niedersachsen, Emslandplan, Kreisreform u. a. m.<\/p>\n<p>Nachdem die Kassenwartin Bettina Weinreich und der Vorstand entlastet worden waren, schritt man zur turnusm\u00e4\u00dfigen Wahl eines Teils des Vorstands. Einstimmig bei jeweils einer Enthaltung wurden wieder gew\u00e4hlt: Bernd Eggert, Vorsitzender, Hermann Wichmann, erster Beisitzer, und Uwe M\u00fcller, Schriftf\u00fchrer. Gisela Henze und Werner Sch\u00fcler wurden zu Kassenpr\u00fcfern gew\u00e4hlt.<\/p>\n<p>Der diesj\u00e4hrige Gastredner auf der Mitgliederversammlung war der Historiker Henning Strotbek. Er thematisierte in einem hoch interessanten und informativen von Bildern unterst\u00fctzten Vortrag die Erinnerungskultur unter dem Titel \u201e2014 &#8211; Jahr der Erinnerungen&#8220;.<\/p>\n<p>Heiner Wellenbrock erl\u00e4uterte neue Entwicklungen bei den \u201eInformationen f\u00fcr S\u00f6gel und Umgebung&#8220; und nach einem Dankwort von Irmgard Welling f\u00fcr die Bildungsarbeit des Forums und die Ausweitung der IfS-Verbreitung auf die Samtgemeinde konnte B. Eggert die Versammlung schlie\u00dfen und man ging zum informellen Gespr\u00e4ch in geselligem Beisammensein \u00fcber.<\/p>\n<p>Text: UM \/ Foto: Ems-Zeitung sowie UM<\/p>\n<div id=\"attachment_13878\" style=\"width: 310px\" class=\"wp-caption alignnone\"><a href=\"https:\/\/www.forum-soegel.de\/information\/wp-content\/uploads\/2014\/07\/Mitgliederversammlung-des-Forums-e.-V.-S\u00f6gel1.jpg\"><img loading=\"lazy\" decoding=\"async\" aria-describedby=\"caption-attachment-13878\" class=\"size-medium wp-image-13878\" title=\"Mitgliederversammlung des Forums e. V. S\u00f6gel1\" src=\"https:\/\/www.forum-soegel.de\/information\/wp-content\/uploads\/2014\/07\/Mitgliederversammlung-des-Forums-e.-V.-S\u00f6gel1-300x168.jpg\" alt=\"\" width=\"300\" height=\"168\" srcset=\"https:\/\/www.forum-soegel.de\/information\/wp-content\/uploads\/2014\/07\/Mitgliederversammlung-des-Forums-e.-V.-S\u00f6gel1-300x168.jpg 300w, https:\/\/www.forum-soegel.de\/information\/wp-content\/uploads\/2014\/07\/Mitgliederversammlung-des-Forums-e.-V.-S\u00f6gel1.jpg 1024w\" sizes=\"auto, (max-width: 300px) 100vw, 300px\" \/><\/a><p id=\"caption-attachment-13878\" class=\"wp-caption-text\">v.l. Bernd Eggert, Bettina Weinreich, Uwe M\u00fcller, Simone Kla\u00dfen, Heiner Wellenbrock, Hermann Wichmann<\/p><\/div>\n<p><a href=\"https:\/\/www.forum-soegel.de\/information\/wp-content\/uploads\/2014\/07\/Mitgliederversammlung-des-Forums-e.-V.-S\u00f6gel2.jpg\"><img loading=\"lazy\" decoding=\"async\" class=\"alignnone size-thumbnail wp-image-13879\" title=\"Mitgliederversammlung des Forums e. V. S\u00f6gel2\" src=\"https:\/\/www.forum-soegel.de\/information\/wp-content\/uploads\/2014\/07\/Mitgliederversammlung-des-Forums-e.-V.-S\u00f6gel2-150x150.jpg\" alt=\"\" width=\"150\" height=\"150\" \/><\/a>\u00a0\u00a0<a href=\"https:\/\/www.forum-soegel.de\/information\/wp-content\/uploads\/2014\/07\/Mitgliederversammlung-des-Forums-e.-V.-S\u00f6gel3.jpg\"><img loading=\"lazy\" decoding=\"async\" class=\"alignnone size-thumbnail wp-image-13880\" title=\"Mitgliederversammlung des Forums e. V. S\u00f6gel3\" src=\"https:\/\/www.forum-soegel.de\/information\/wp-content\/uploads\/2014\/07\/Mitgliederversammlung-des-Forums-e.-V.-S\u00f6gel3-150x150.jpg\" alt=\"\" width=\"150\" height=\"150\" \/><\/a>\u00a0\u00a0<a href=\"https:\/\/www.forum-soegel.de\/information\/wp-content\/uploads\/2014\/07\/Mitgliederversammlung-des-Forums-e.-V.-S\u00f6gel4.jpg\"><img loading=\"lazy\" decoding=\"async\" class=\"alignnone size-thumbnail wp-image-13881\" title=\"Mitgliederversammlung des Forums e. V. S\u00f6gel4\" src=\"https:\/\/www.forum-soegel.de\/information\/wp-content\/uploads\/2014\/07\/Mitgliederversammlung-des-Forums-e.-V.-S\u00f6gel4-150x150.jpg\" alt=\"\" width=\"150\" height=\"150\" \/><\/a><\/p>\n<p>&nbsp;<\/p>\n","protected":false},"excerpt":{"rendered":"S\u00f6gel &#8211; Am 22. 5. 14 fand die allj\u00e4hrliche Mitgliedersammlung des Forums statt. Im Clemenswerther Hof, S\u00f6gel, konnte der Vorsitzende Bernd Eggert neben den Vereinsmitgliedern die S\u00f6geler B\u00fcrgermeisterin Irmgard Welling und den Ersten Samtgemeinderat Hans Nowak begr\u00fc\u00dfen. Nach einem Gedenken der im verflossenen Jahr verstorbenen Vereinsmitglieder gab B. Eggert einen Rechenschaftsbericht f\u00fcrs letzte Jahr in [&hellip;]\n","protected":false},"author":2,"featured_media":0,"comment_status":"closed","ping_status":"closed","sticky":false,"template":"","format":"standard","meta":{"ngg_post_thumbnail":0,"footnotes":""},"categories":[5],"tags":[],"class_list":["post-13877","post","type-post","status-publish","format-standard","hentry","category-was-machen-die-vereine"],"_links":{"self":[{"href":"https:\/\/www.forum-soegel.de\/information\/wp-json\/wp\/v2\/posts\/13877","targetHints":{"allow":["GET"]}}],"collection":[{"href":"https:\/\/www.forum-soegel.de\/information\/wp-json\/wp\/v2\/posts"}],"about":[{"href":"https:\/\/www.forum-soegel.de\/information\/wp-json\/wp\/v2\/types\/post"}],"author":[{"embeddable":true,"href":"https:\/\/www.forum-soegel.de\/information\/wp-json\/wp\/v2\/users\/2"}],"replies":[{"embeddable":true,"href":"https:\/\/www.forum-soegel.de\/information\/wp-json\/wp\/v2\/comments?post=13877"}],"version-history":[{"count":1,"href":"https:\/\/www.forum-soegel.de\/information\/wp-json\/wp\/v2\/posts\/13877\/revisions"}],"predecessor-version":[{"id":13882,"href":"https:\/\/www.forum-soegel.de\/information\/wp-json\/wp\/v2\/posts\/13877\/revisions\/13882"}],"wp:attachment":[{"href":"https:\/\/www.forum-soegel.de\/information\/wp-json\/wp\/v2\/media?parent=13877"}],"wp:term":[{"taxonomy":"category","embeddable":true,"href":"https:\/\/www.forum-soegel.de\/information\/wp-json\/wp\/v2\/categories?post=13877"},{"taxonomy":"post_tag","embeddable":true,"href":"https:\/\/www.forum-soegel.de\/information\/wp-json\/wp\/v2\/tags?post=13877"}],"curies":[{"name":"wp","href":"https:\/\/api.w.org\/{rel}","templated":true}]}}