{"id":13872,"date":"2014-07-15T16:54:37","date_gmt":"2014-07-15T14:54:37","guid":{"rendered":"https:\/\/www.forum-soegel.de\/information\/?p=13872"},"modified":"2014-07-15T16:54:37","modified_gmt":"2014-07-15T14:54:37","slug":"besuch-von-nachbarn","status":"publish","type":"post","link":"https:\/\/www.forum-soegel.de\/information\/2014\/07\/besuch-von-nachbarn\/","title":{"rendered":"Besuch von Nachbarn"},"content":{"rendered":"<p>S\u00f6gel &#8211; Zwischen S\u00f6gel und seiner niederl\u00e4ndischen Partnergemeinde Norg besteht seit vielen Jahren ein reger Austausch von Besuchern\/innen. Dabei handelt es sich nicht nur um offizielle Gemeindevertreter\/innen, sondern zus\u00e4tzlich um interessierte Privatleute. So statteten vor Kurzem einige Damen und Herren aus Norg und Umgebung S\u00f6gel einen ca. 6-st\u00fcndigen Besuch ab. Zun\u00e4chst steuerten sie die Geschichtswerkstatt des Forums S\u00f6gel an. Das Forum mit seinen Aufgaben und Zielen, in deren Mitte Bildung, Verst\u00e4ndigung durch Verst\u00e4ndnis sowie Toleranz stehen, war den Damen und Herren bereits bekannt. Bei Kaffee\/Tee und Geb\u00e4ck wurden ihnen kurz neue Projekte und Entwicklungen des Forums von seinem Vorsitzenden Bernd Eggert vorgestellt. Dann f\u00fchrte Bernd Schulte sie mit engagierten Erl\u00e4uterungen durch die Werkstatt mit Schwerpunkt auf den neugestalteten R\u00e4umen. Nach einem gemeinsamen Mittagessen &#8211; Essen und Trinken h\u00e4lt nicht nur Leib und Seele, sondern auch Nachbarn zusammen &#8211; ging es zur Gedenkst\u00e4tte f\u00fcr das untergegangene und dem Vergessen entrissene H\u00fcmmlingdorf Wahn. Heiner Wellenbrock lie\u00df anhand der Grundmauern der St. Antoniuskirche, der Schilder f\u00fcr Hofstellen und der schriftlichen Erkl\u00e4rungen das Dorf lebendig werden.<\/p>\n<p>Dieser Besuch jenseits von offiziellen Reden und Empf\u00e4ngen gestaltete sich zu einem regen, offenen, unverkrampften Meinungsaustausch. Die Summe der individuellen im sogen. freien Diskurs ge\u00e4u\u00dferten Meinungen \u00fcber gemeinsame Geschichte und Gegenwart mit allen positiven und negativen Aspekten zeitigte ein erstaunliches Ma\u00df an \u00fcbereinstimmenden Bewertungen und Empfindungen. Demgem\u00e4\u00df gab es in den Gespr\u00e4chen Einverst\u00e4ndnis mit dem vom Unterzeichner zitierten Wunsch des Kulturwissenschaftlers Silvio Vietta nach der F\u00f6rderung eines Faches &#8222;Europ\u00e4istik&#8220;, um \u00fcbernationale Gemeinsamkeiten der Europ\u00e4er seit der griechischen Klassik in Bewusstsein und Mentalit\u00e4t der V\u00f6lker sowie einzelner zu rufen. Mit Fug und Recht wurde dieser Besuch von der Ems-Dollart-Region gef\u00f6rdert\u00a0 (INTERREG &#8211; Grenzregionen gestalten Europa).<\/p>\n<p>Text\/Bild: UM<\/p>\n<p><a href=\"https:\/\/www.forum-soegel.de\/information\/wp-content\/uploads\/2014\/07\/Besuch-von-Nachbarn1.jpg\"><img loading=\"lazy\" decoding=\"async\" class=\"alignnone size-thumbnail wp-image-13873\" title=\"Besuch von Nachbarn1\" src=\"https:\/\/www.forum-soegel.de\/information\/wp-content\/uploads\/2014\/07\/Besuch-von-Nachbarn1-150x150.jpg\" alt=\"\" width=\"150\" height=\"150\" \/><\/a>\u00a0\u00a0<a href=\"https:\/\/www.forum-soegel.de\/information\/wp-content\/uploads\/2014\/07\/Besuch-von-Nachbarn2.jpg\"><img loading=\"lazy\" decoding=\"async\" class=\"alignnone size-thumbnail wp-image-13874\" title=\"Besuch von Nachbarn2\" src=\"https:\/\/www.forum-soegel.de\/information\/wp-content\/uploads\/2014\/07\/Besuch-von-Nachbarn2-150x150.jpg\" alt=\"\" width=\"150\" height=\"150\" \/><\/a>\u00a0\u00a0<a href=\"https:\/\/www.forum-soegel.de\/information\/wp-content\/uploads\/2014\/07\/Besuch-von-Nachbarn3.jpg\"><img loading=\"lazy\" decoding=\"async\" class=\"alignnone size-thumbnail wp-image-13875\" title=\"Besuch von Nachbarn3\" src=\"https:\/\/www.forum-soegel.de\/information\/wp-content\/uploads\/2014\/07\/Besuch-von-Nachbarn3-150x150.jpg\" alt=\"\" width=\"150\" height=\"150\" \/><\/a><\/p>\n","protected":false},"excerpt":{"rendered":"S\u00f6gel &#8211; Zwischen S\u00f6gel und seiner niederl\u00e4ndischen Partnergemeinde Norg besteht seit vielen Jahren ein reger Austausch von Besuchern\/innen. Dabei handelt es sich nicht nur um offizielle Gemeindevertreter\/innen, sondern zus\u00e4tzlich um interessierte Privatleute. So statteten vor Kurzem einige Damen und Herren aus Norg und Umgebung S\u00f6gel einen ca. 6-st\u00fcndigen Besuch ab. Zun\u00e4chst steuerten sie die Geschichtswerkstatt [&hellip;]\n","protected":false},"author":2,"featured_media":0,"comment_status":"closed","ping_status":"closed","sticky":false,"template":"","format":"standard","meta":{"ngg_post_thumbnail":0,"footnotes":""},"categories":[5],"tags":[],"class_list":["post-13872","post","type-post","status-publish","format-standard","hentry","category-was-machen-die-vereine"],"_links":{"self":[{"href":"https:\/\/www.forum-soegel.de\/information\/wp-json\/wp\/v2\/posts\/13872","targetHints":{"allow":["GET"]}}],"collection":[{"href":"https:\/\/www.forum-soegel.de\/information\/wp-json\/wp\/v2\/posts"}],"about":[{"href":"https:\/\/www.forum-soegel.de\/information\/wp-json\/wp\/v2\/types\/post"}],"author":[{"embeddable":true,"href":"https:\/\/www.forum-soegel.de\/information\/wp-json\/wp\/v2\/users\/2"}],"replies":[{"embeddable":true,"href":"https:\/\/www.forum-soegel.de\/information\/wp-json\/wp\/v2\/comments?post=13872"}],"version-history":[{"count":1,"href":"https:\/\/www.forum-soegel.de\/information\/wp-json\/wp\/v2\/posts\/13872\/revisions"}],"predecessor-version":[{"id":13876,"href":"https:\/\/www.forum-soegel.de\/information\/wp-json\/wp\/v2\/posts\/13872\/revisions\/13876"}],"wp:attachment":[{"href":"https:\/\/www.forum-soegel.de\/information\/wp-json\/wp\/v2\/media?parent=13872"}],"wp:term":[{"taxonomy":"category","embeddable":true,"href":"https:\/\/www.forum-soegel.de\/information\/wp-json\/wp\/v2\/categories?post=13872"},{"taxonomy":"post_tag","embeddable":true,"href":"https:\/\/www.forum-soegel.de\/information\/wp-json\/wp\/v2\/tags?post=13872"}],"curies":[{"name":"wp","href":"https:\/\/api.w.org\/{rel}","templated":true}]}}