{"id":13870,"date":"2014-07-15T16:52:13","date_gmt":"2014-07-15T14:52:13","guid":{"rendered":"https:\/\/www.forum-soegel.de\/information\/?p=13870"},"modified":"2014-07-15T16:52:13","modified_gmt":"2014-07-15T14:52:13","slug":"neue-gastefuhrer-gesucht","status":"publish","type":"post","link":"https:\/\/www.forum-soegel.de\/information\/2014\/07\/neue-gastefuhrer-gesucht\/","title":{"rendered":"Neue G\u00e4stef\u00fchrer gesucht"},"content":{"rendered":"<p>S\u00f6gel &#8211; Von der Touristikinformation in S\u00f6gel werden dringend neue Ge\u00e4stef\u00fchrer gesucht.<\/p>\n<p>Wer hat Interesse, unseren G\u00e4sten S\u00f6gel interessant vorzustellen? Wir brauchen dringend \u201eNachwuchs\u201c f\u00fcr Ortsf\u00fchrungen. Vorkenntnisse sind nicht zwingend erforderlich.<\/p>\n<p>Auf Anfrage erteilen wir Ihnen gerne n\u00e4here Ausk\u00fcnfte \u00fcber die interessante und abwechslungsreiche T\u00e4tigkeit.<\/p>\n<p>&nbsp;<\/p>\n<p>Interessierte B\u00fcrgerinnen und B\u00fcrger melden sich bitte in der Tourist-Information S\u00f6gel, Am Markt 2, oder telefonisch unter: Tel. 05952 \u2013 9697000.<\/p>\n<p>&nbsp;<\/p>\n<p>&nbsp;<\/p>\n<p>Text: Angelika Deters<\/p>\n<p>&nbsp;<\/p>\n","protected":false},"excerpt":{"rendered":"S\u00f6gel &#8211; Von der Touristikinformation in S\u00f6gel werden dringend neue Ge\u00e4stef\u00fchrer gesucht. Wer hat Interesse, unseren G\u00e4sten S\u00f6gel interessant vorzustellen? Wir brauchen dringend \u201eNachwuchs\u201c f\u00fcr Ortsf\u00fchrungen. Vorkenntnisse sind nicht zwingend erforderlich. Auf Anfrage erteilen wir Ihnen gerne n\u00e4here Ausk\u00fcnfte \u00fcber die interessante und abwechslungsreiche T\u00e4tigkeit. &nbsp; Interessierte B\u00fcrgerinnen und B\u00fcrger melden sich bitte in der [&hellip;]\n","protected":false},"author":2,"featured_media":0,"comment_status":"closed","ping_status":"closed","sticky":false,"template":"","format":"standard","meta":{"ngg_post_thumbnail":0,"footnotes":""},"categories":[3],"tags":[],"class_list":["post-13870","post","type-post","status-publish","format-standard","hentry","category-aktuelles-aus-der-region"],"_links":{"self":[{"href":"https:\/\/www.forum-soegel.de\/information\/wp-json\/wp\/v2\/posts\/13870","targetHints":{"allow":["GET"]}}],"collection":[{"href":"https:\/\/www.forum-soegel.de\/information\/wp-json\/wp\/v2\/posts"}],"about":[{"href":"https:\/\/www.forum-soegel.de\/information\/wp-json\/wp\/v2\/types\/post"}],"author":[{"embeddable":true,"href":"https:\/\/www.forum-soegel.de\/information\/wp-json\/wp\/v2\/users\/2"}],"replies":[{"embeddable":true,"href":"https:\/\/www.forum-soegel.de\/information\/wp-json\/wp\/v2\/comments?post=13870"}],"version-history":[{"count":1,"href":"https:\/\/www.forum-soegel.de\/information\/wp-json\/wp\/v2\/posts\/13870\/revisions"}],"predecessor-version":[{"id":13871,"href":"https:\/\/www.forum-soegel.de\/information\/wp-json\/wp\/v2\/posts\/13870\/revisions\/13871"}],"wp:attachment":[{"href":"https:\/\/www.forum-soegel.de\/information\/wp-json\/wp\/v2\/media?parent=13870"}],"wp:term":[{"taxonomy":"category","embeddable":true,"href":"https:\/\/www.forum-soegel.de\/information\/wp-json\/wp\/v2\/categories?post=13870"},{"taxonomy":"post_tag","embeddable":true,"href":"https:\/\/www.forum-soegel.de\/information\/wp-json\/wp\/v2\/tags?post=13870"}],"curies":[{"name":"wp","href":"https:\/\/api.w.org\/{rel}","templated":true}]}}