{"id":13864,"date":"2014-07-15T16:47:38","date_gmt":"2014-07-15T14:47:38","guid":{"rendered":"https:\/\/www.forum-soegel.de\/information\/?p=13864"},"modified":"2014-07-15T16:50:55","modified_gmt":"2014-07-15T14:50:55","slug":"garten-und-landschaftsbau-frank-kohler-bereits-seit-7-jahren-erfolgreich-in-sogel","status":"publish","type":"post","link":"https:\/\/www.forum-soegel.de\/information\/2014\/07\/garten-und-landschaftsbau-frank-kohler-bereits-seit-7-jahren-erfolgreich-in-sogel\/","title":{"rendered":"Garten- und Landschaftsbau Frank K\u00f6hler bereits seit 7 Jahren erfolgreich in S\u00f6gel"},"content":{"rendered":"<div id=\"attachment_13865\" style=\"width: 165px\" class=\"wp-caption alignleft\"><a href=\"https:\/\/www.forum-soegel.de\/information\/wp-content\/uploads\/2014\/07\/K\u00f6hler.jpg\"><img loading=\"lazy\" decoding=\"async\" aria-describedby=\"caption-attachment-13865\" class=\"size-medium wp-image-13865    \" title=\"K\u00f6hler\" src=\"https:\/\/www.forum-soegel.de\/information\/wp-content\/uploads\/2014\/07\/K\u00f6hler-200x300.jpg\" alt=\"\" width=\"155\" height=\"231\" \/><\/a><p id=\"caption-attachment-13865\" class=\"wp-caption-text\">Sabrina und Frank K\u00f6hler<\/p><\/div>\n<p>S\u00f6gel &#8211; Bereits seit M\u00e4rz 2007 besteht die Firma Garten- und Landschaftsbau von Frank K\u00f6hler in S\u00f6gel. Anfangs befand sich das Unternehmen mit Sitz am Hellkampsring. Hier wuchs das Leistungsspektrum und auch die Zahl der Mitarbeiter um Herrn K\u00f6hler und seine Ehefrau Sabrina, die seit Anbeginn als Leitung im B\u00fcro t\u00e4tig ist. So waren es Mitte 2009 bereits 5 Mitarbeiter, mit einem sicheren Arbeitsplatz.<\/p>\n<p>Durch die stetige Erweiterung des Maschinen- und Fuhrparks, stets auf dem modernsten Stand der Technik, wurde das hauseigene Gel\u00e4nde ein Jahr sp\u00e4ter zu klein, so dass die Firma K\u00f6hler in das heutige Betriebgsgel\u00e4nde an der Industriestra\u00dfe 34 umzog. Durch den Erwerb der Immobilie Ende 2010 stand nun ausreichend Raum f\u00fcr Fahrzeuge und Maschinen zur Verf\u00fcgung. Die B\u00fcroanlage wurde im Dezember 2013 fertiggestellt, somit konnten nun auch die B\u00fcroarbeiten dorthin verlagert werden und die Garten- und Landschaftsplanung seitdem mittels fortschrittlicher EDV-Programme den Kunden direkt am PC vorgestellt werden. Die Planung von Wasserl\u00e4ufen und Teichanlagen sowie ausgefallenes Gestaltungspflaster sind das Steckenpferd des Unternehmens.<\/p>\n<p>Derzeit ist der Mitarbeiterstamm auf 10 Personen angewachsen und weitere Expansionen sind f\u00fcr die n\u00e4chsten zwei Jahre schon geplant.<\/p>\n<p>Besichtigt werden kann das Unternehmen am Tag der offenen T\u00fcr mit vielen tollen Attraktionen sowie einer gro\u00dfen Tombola zugunsten des Vereins Bauchgef\u00fchl e.V. am Sonntag, 06.07.2014 von 12 bis 18 Uhr. Der Wirtschaftsverband S\u00f6gel w\u00fcnscht Frank und Sabrina K\u00f6hler und Team eine gelungene Veranstaltung, weiterhin viel Erfolg und viele zufriedene Kunden.<\/p>\n<p>Text. SSt<\/p>\n<p>Foto: M. Wucherpfennig<\/p>\n<p>&nbsp;<\/p>\n","protected":false},"excerpt":{"rendered":"S\u00f6gel &#8211; Bereits seit M\u00e4rz 2007 besteht die Firma Garten- und Landschaftsbau von Frank K\u00f6hler in S\u00f6gel. Anfangs befand sich das Unternehmen mit Sitz am Hellkampsring. Hier wuchs das Leistungsspektrum und auch die Zahl der Mitarbeiter um Herrn K\u00f6hler und seine Ehefrau Sabrina, die seit Anbeginn als Leitung im B\u00fcro t\u00e4tig ist. So waren es [&hellip;]\n","protected":false},"author":2,"featured_media":0,"comment_status":"closed","ping_status":"closed","sticky":false,"template":"","format":"standard","meta":{"ngg_post_thumbnail":0,"footnotes":""},"categories":[4],"tags":[],"class_list":["post-13864","post","type-post","status-publish","format-standard","hentry","category-aus-der-geschaftswelt"],"_links":{"self":[{"href":"https:\/\/www.forum-soegel.de\/information\/wp-json\/wp\/v2\/posts\/13864","targetHints":{"allow":["GET"]}}],"collection":[{"href":"https:\/\/www.forum-soegel.de\/information\/wp-json\/wp\/v2\/posts"}],"about":[{"href":"https:\/\/www.forum-soegel.de\/information\/wp-json\/wp\/v2\/types\/post"}],"author":[{"embeddable":true,"href":"https:\/\/www.forum-soegel.de\/information\/wp-json\/wp\/v2\/users\/2"}],"replies":[{"embeddable":true,"href":"https:\/\/www.forum-soegel.de\/information\/wp-json\/wp\/v2\/comments?post=13864"}],"version-history":[{"count":4,"href":"https:\/\/www.forum-soegel.de\/information\/wp-json\/wp\/v2\/posts\/13864\/revisions"}],"predecessor-version":[{"id":13869,"href":"https:\/\/www.forum-soegel.de\/information\/wp-json\/wp\/v2\/posts\/13864\/revisions\/13869"}],"wp:attachment":[{"href":"https:\/\/www.forum-soegel.de\/information\/wp-json\/wp\/v2\/media?parent=13864"}],"wp:term":[{"taxonomy":"category","embeddable":true,"href":"https:\/\/www.forum-soegel.de\/information\/wp-json\/wp\/v2\/categories?post=13864"},{"taxonomy":"post_tag","embeddable":true,"href":"https:\/\/www.forum-soegel.de\/information\/wp-json\/wp\/v2\/tags?post=13864"}],"curies":[{"name":"wp","href":"https:\/\/api.w.org\/{rel}","templated":true}]}}