{"id":13861,"date":"2014-07-15T16:44:10","date_gmt":"2014-07-15T14:44:10","guid":{"rendered":"https:\/\/www.forum-soegel.de\/information\/?p=13861"},"modified":"2014-07-15T16:44:10","modified_gmt":"2014-07-15T14:44:10","slug":"wirtschaftsverband-sogel-begrust-weiteren-hausarzt-in-sogel","status":"publish","type":"post","link":"https:\/\/www.forum-soegel.de\/information\/2014\/07\/wirtschaftsverband-sogel-begrust-weiteren-hausarzt-in-sogel\/","title":{"rendered":"Wirtschaftsverband S\u00f6gel begr\u00fc\u00dft weiteren Hausarzt in S\u00f6gel"},"content":{"rendered":"<p>S\u00f6gel &#8211; \u201eAuch f\u00fcr die Wirtschaftsunternehmen\u00a0 ist es sehr wichtig<\/p>\n<p>ausreichende Allgemeinmediziner vor Ort zu haben\u201c so Verbandsvorsitzender<\/p>\n<p>Ludwig Koopmann bei der Begr\u00fc\u00dfung des neuen Hausarztes Dr. Christian<\/p>\n<p>Prinz in der Gemeinschaftspraxis von Dr. Steuber. \u201e Ich freue mich auf meine<\/p>\n<p>neue Aufgabe in S\u00f6gel\u201c so der neue Mediziner,\u201c auch meine Familie wird sich in S\u00f6gel<\/p>\n<p>sehr wohl f\u00fchlen.\u201c Den Besuch nutzte der Vorsitzende auch zur W\u00fcrdigung<\/p>\n<p>des sozialen Engagements von Dr. Steuber mit Blick auf die Aktivit\u00e4ten des Vereins<\/p>\n<p>\u201eBauchgef\u00fchl &#8211; Bauchredner helfen Kindern\u201c. Bauchgef\u00fchl e.V. unterst\u00fctzt<\/p>\n<p>Kinder, Jugendliche und Heranwachsende aus sozial benachteiligten Familien.<\/p>\n<p>&nbsp;<\/p>\n<p>Text: J\u00fcrgen Rolfes, WV S\u00f6gel \/<\/p>\n<p>Foto: M. Wucherpfennig<\/p>\n<div id=\"attachment_13862\" style=\"width: 310px\" class=\"wp-caption alignnone\"><a href=\"https:\/\/www.forum-soegel.de\/information\/wp-content\/uploads\/2014\/07\/Prinz_neuer-Arzt.jpg\"><img loading=\"lazy\" decoding=\"async\" aria-describedby=\"caption-attachment-13862\" class=\"size-medium wp-image-13862\" title=\"Prinz_neuer Arzt\" src=\"https:\/\/www.forum-soegel.de\/information\/wp-content\/uploads\/2014\/07\/Prinz_neuer-Arzt-300x199.jpg\" alt=\"\" width=\"300\" height=\"199\" srcset=\"https:\/\/www.forum-soegel.de\/information\/wp-content\/uploads\/2014\/07\/Prinz_neuer-Arzt-300x199.jpg 300w, https:\/\/www.forum-soegel.de\/information\/wp-content\/uploads\/2014\/07\/Prinz_neuer-Arzt.jpg 1024w\" sizes=\"auto, (max-width: 300px) 100vw, 300px\" \/><\/a><p id=\"caption-attachment-13862\" class=\"wp-caption-text\">Von links : Carsten Bartels, Nadine Burrichter, Dr. Max Steuber, Dr. Christian Prinz, Ludwig Koopmann, Andrea Rekers, Irmgard Rolfes-Hinson, Adolf Jelges<\/p><\/div>\n","protected":false},"excerpt":{"rendered":"S\u00f6gel &#8211; \u201eAuch f\u00fcr die Wirtschaftsunternehmen\u00a0 ist es sehr wichtig ausreichende Allgemeinmediziner vor Ort zu haben\u201c so Verbandsvorsitzender Ludwig Koopmann bei der Begr\u00fc\u00dfung des neuen Hausarztes Dr. Christian Prinz in der Gemeinschaftspraxis von Dr. Steuber. \u201e Ich freue mich auf meine neue Aufgabe in S\u00f6gel\u201c so der neue Mediziner,\u201c auch meine Familie wird sich in [&hellip;]\n","protected":false},"author":2,"featured_media":0,"comment_status":"closed","ping_status":"closed","sticky":false,"template":"","format":"standard","meta":{"ngg_post_thumbnail":0,"footnotes":""},"categories":[4],"tags":[],"class_list":["post-13861","post","type-post","status-publish","format-standard","hentry","category-aus-der-geschaftswelt"],"_links":{"self":[{"href":"https:\/\/www.forum-soegel.de\/information\/wp-json\/wp\/v2\/posts\/13861","targetHints":{"allow":["GET"]}}],"collection":[{"href":"https:\/\/www.forum-soegel.de\/information\/wp-json\/wp\/v2\/posts"}],"about":[{"href":"https:\/\/www.forum-soegel.de\/information\/wp-json\/wp\/v2\/types\/post"}],"author":[{"embeddable":true,"href":"https:\/\/www.forum-soegel.de\/information\/wp-json\/wp\/v2\/users\/2"}],"replies":[{"embeddable":true,"href":"https:\/\/www.forum-soegel.de\/information\/wp-json\/wp\/v2\/comments?post=13861"}],"version-history":[{"count":1,"href":"https:\/\/www.forum-soegel.de\/information\/wp-json\/wp\/v2\/posts\/13861\/revisions"}],"predecessor-version":[{"id":13863,"href":"https:\/\/www.forum-soegel.de\/information\/wp-json\/wp\/v2\/posts\/13861\/revisions\/13863"}],"wp:attachment":[{"href":"https:\/\/www.forum-soegel.de\/information\/wp-json\/wp\/v2\/media?parent=13861"}],"wp:term":[{"taxonomy":"category","embeddable":true,"href":"https:\/\/www.forum-soegel.de\/information\/wp-json\/wp\/v2\/categories?post=13861"},{"taxonomy":"post_tag","embeddable":true,"href":"https:\/\/www.forum-soegel.de\/information\/wp-json\/wp\/v2\/tags?post=13861"}],"curies":[{"name":"wp","href":"https:\/\/api.w.org\/{rel}","templated":true}]}}