{"id":13858,"date":"2014-07-15T16:41:18","date_gmt":"2014-07-15T14:41:18","guid":{"rendered":"https:\/\/www.forum-soegel.de\/information\/?p=13858"},"modified":"2014-07-15T16:41:18","modified_gmt":"2014-07-15T14:41:18","slug":"abschlussveranstaltung-des-44-internationalen-jugendwettbewerbs","status":"publish","type":"post","link":"https:\/\/www.forum-soegel.de\/information\/2014\/07\/abschlussveranstaltung-des-44-internationalen-jugendwettbewerbs\/","title":{"rendered":"Abschlussveranstaltung des 44. Internationalen Jugendwettbewerbs"},"content":{"rendered":"<p>Klein Ber\u00dfen &#8211; Insgesamt 447 Kinder aus Klein Ber\u00dfen, Gro\u00df Ber\u00dfen, H\u00fcven, Stavern, Spahnharrenst\u00e4tte, S\u00f6gel, Werpeloh und Lahn reichten ihre phantasievollen und farbenfrohen Kunstwerke ein. Das Thema in diesem Jahr lautete: ,,Traumbilder: Nimm uns mit in deine Fantasie.\u201c Die vielseitigen Bilder nahmen uns alle mit in die verschiedenen Traumwelten der jungen K\u00fcnstler.<br \/>\nDie Jury, bestehend aus 2 Lehrern und einem K\u00fcnstler, w\u00e4hlte die Siegerbilder aus und die Raiffeisenbank Emsland-Mitte eG lud die Gewinner zur Preisverleihung in die Volksbank nach Werlte ein. An der Preisverleihung nahm auch der Maler, Grafiker und Kunstp\u00e4dagoge Michael Gerdes teil. Herr Gerdes geh\u00f6rt schon seit 1997 zur Ortsjury dazu und entscheidet mit, welche Malarbeiten als Siegerbilder ausgezeichnet werden.<br \/>\nDie Gewinner wurden mit tollen Kunstpreisen belohnt und erhielten zudem<br \/>\neine Urkunde f\u00fcr ihre ausgezeichneten Kunstwerke. Nachfolgende Gewinner-Malarbeiten wurden ausgezeichnet:<br \/>\n<strong><br \/>\n<\/strong>Altersgruppe 1.\/2. Klassen:<br \/>\nPlatz 1: Nora Sievers aus Werpeloh<br \/>\nPlatz 2: Tizian P\u00fclsken aus Spahnharrenst\u00e4tte<\/p>\n<p>Altersgruppe 3.\/4. Klassen:<br \/>\nPlatz 1: Kimberley Hardetert aus Stavern<br \/>\nPlatz 2: Jule H\u00f6mmen aus Spahnharrenst\u00e4tte<\/p>\n<p>Altersgruppe 5.\/6. Klassen:<br \/>\nPlatz 1: Victoria Weigel aus S\u00f6gel<br \/>\nPlatz 2: Lara Borgmann aus H\u00fcven<\/p>\n<p>Altersgruppe 7.-9. Klassen:<br \/>\nPlatz 1: Johanna Schmees<\/p>\n<p>&nbsp;<\/p>\n<p>Text\/Foto: Thomas Albers<\/p>\n<p><a href=\"https:\/\/www.forum-soegel.de\/information\/wp-content\/uploads\/2014\/07\/Abschlussveranstaltung-des-44.-Internationalen-Jugendwettbewerb.jpg\"><img loading=\"lazy\" decoding=\"async\" class=\"alignnone size-medium wp-image-13859\" title=\"Abschlussveranstaltung des 44. Internationalen Jugendwettbewerb\" src=\"https:\/\/www.forum-soegel.de\/information\/wp-content\/uploads\/2014\/07\/Abschlussveranstaltung-des-44.-Internationalen-Jugendwettbewerb-300x200.jpg\" alt=\"\" width=\"300\" height=\"200\" srcset=\"https:\/\/www.forum-soegel.de\/information\/wp-content\/uploads\/2014\/07\/Abschlussveranstaltung-des-44.-Internationalen-Jugendwettbewerb-300x200.jpg 300w, https:\/\/www.forum-soegel.de\/information\/wp-content\/uploads\/2014\/07\/Abschlussveranstaltung-des-44.-Internationalen-Jugendwettbewerb.jpg 1024w\" sizes=\"auto, (max-width: 300px) 100vw, 300px\" \/><\/a><\/p>\n","protected":false},"excerpt":{"rendered":"Klein Ber\u00dfen &#8211; Insgesamt 447 Kinder aus Klein Ber\u00dfen, Gro\u00df Ber\u00dfen, H\u00fcven, Stavern, Spahnharrenst\u00e4tte, S\u00f6gel, Werpeloh und Lahn reichten ihre phantasievollen und farbenfrohen Kunstwerke ein. Das Thema in diesem Jahr lautete: ,,Traumbilder: Nimm uns mit in deine Fantasie.\u201c Die vielseitigen Bilder nahmen uns alle mit in die verschiedenen Traumwelten der jungen K\u00fcnstler. Die Jury, bestehend [&hellip;]\n","protected":false},"author":2,"featured_media":0,"comment_status":"closed","ping_status":"closed","sticky":false,"template":"","format":"standard","meta":{"ngg_post_thumbnail":0,"footnotes":""},"categories":[4],"tags":[],"class_list":["post-13858","post","type-post","status-publish","format-standard","hentry","category-aus-der-geschaftswelt"],"_links":{"self":[{"href":"https:\/\/www.forum-soegel.de\/information\/wp-json\/wp\/v2\/posts\/13858","targetHints":{"allow":["GET"]}}],"collection":[{"href":"https:\/\/www.forum-soegel.de\/information\/wp-json\/wp\/v2\/posts"}],"about":[{"href":"https:\/\/www.forum-soegel.de\/information\/wp-json\/wp\/v2\/types\/post"}],"author":[{"embeddable":true,"href":"https:\/\/www.forum-soegel.de\/information\/wp-json\/wp\/v2\/users\/2"}],"replies":[{"embeddable":true,"href":"https:\/\/www.forum-soegel.de\/information\/wp-json\/wp\/v2\/comments?post=13858"}],"version-history":[{"count":1,"href":"https:\/\/www.forum-soegel.de\/information\/wp-json\/wp\/v2\/posts\/13858\/revisions"}],"predecessor-version":[{"id":13860,"href":"https:\/\/www.forum-soegel.de\/information\/wp-json\/wp\/v2\/posts\/13858\/revisions\/13860"}],"wp:attachment":[{"href":"https:\/\/www.forum-soegel.de\/information\/wp-json\/wp\/v2\/media?parent=13858"}],"wp:term":[{"taxonomy":"category","embeddable":true,"href":"https:\/\/www.forum-soegel.de\/information\/wp-json\/wp\/v2\/categories?post=13858"},{"taxonomy":"post_tag","embeddable":true,"href":"https:\/\/www.forum-soegel.de\/information\/wp-json\/wp\/v2\/tags?post=13858"}],"curies":[{"name":"wp","href":"https:\/\/api.w.org\/{rel}","templated":true}]}}