{"id":13848,"date":"2014-07-15T16:36:12","date_gmt":"2014-07-15T14:36:12","guid":{"rendered":"https:\/\/www.forum-soegel.de\/information\/?p=13848"},"modified":"2014-07-15T16:36:52","modified_gmt":"2014-07-15T14:36:52","slug":"spendenubergabe-an-das-kinderhospiz-lowenherz","status":"publish","type":"post","link":"https:\/\/www.forum-soegel.de\/information\/2014\/07\/spendenubergabe-an-das-kinderhospiz-lowenherz\/","title":{"rendered":"Spenden\u00fcbergabe an das Kinderhospiz L\u00f6wenherz"},"content":{"rendered":"<p>S\u00f6gel &#8211; Schmuck und Blume mal anders: Unter diesem Motto fand am 17. Mai ein gelungener Aktionsabend in den R\u00e4umlichkeiten von Blumenkunst Herm\u00fchlen statt. W\u00e4hrend vor der T\u00fcr im Rahmen des Amtsbrunnenfestes gefeiert wurde, konnten sich vor allem die Frauen mit neuer Frisur und frischem Make-Up in angenehmer Atmosph\u00e4re fotografieren lassen und diese Bilder f\u00fcr einen Betrag von 20 Euro k\u00e4uflich erwerben.<\/p>\n<p>Den Erl\u00f6s von 710 EUR spendeten die Akteure Dorothe Kuhnke, H-Studio, Anja Herm\u00fchlen, Blumenkunst Herm\u00fchlen, und Steffie Olliges, Fotografin, dem Kinderhospiz L\u00f6wenherz.<\/p>\n<p>Unser Bild zeigt u.a. den ehrenamtlich arbeitenden Herrn S\u00f6hlke, der das Geld im Namen des Hospizes in Empfang nahm. Das Kinderhospiz sei eine Einrichtung, die die zu leistenden Aufgaben nur durch die gro\u00dfe\u00a0Spendenbereitschaft der Bev\u00f6lkerung und durch das gro\u00dfe Verst\u00e4ndnis f\u00fcr kranke Kinder und deren Familien leisten k\u00f6nne, so S\u00f6hlke.<\/p>\n<p>Das gesamte Aktionsteam freut sich, dass es hierzu einen Beitrag leisten konnte und bedankt sich bei allen, die diese Aktion unterst\u00fctzt haben.<\/p>\n<p>Text\/Foto: Steffie Olliges<\/p>\n<div id=\"attachment_13849\" style=\"width: 310px\" class=\"wp-caption alignnone\"><a href=\"https:\/\/www.forum-soegel.de\/information\/wp-content\/uploads\/2014\/07\/Spenden\u00fcbergabe-an-das-Kinderhospiz-L\u00f6wenherz.jpg\"><img loading=\"lazy\" decoding=\"async\" aria-describedby=\"caption-attachment-13849\" class=\"size-medium wp-image-13849\" title=\"Spenden\u00fcbergabe an das Kinderhospiz L\u00f6wenherz\" src=\"https:\/\/www.forum-soegel.de\/information\/wp-content\/uploads\/2014\/07\/Spenden\u00fcbergabe-an-das-Kinderhospiz-L\u00f6wenherz-300x200.jpg\" alt=\"\" width=\"300\" height=\"200\" srcset=\"https:\/\/www.forum-soegel.de\/information\/wp-content\/uploads\/2014\/07\/Spenden\u00fcbergabe-an-das-Kinderhospiz-L\u00f6wenherz-300x200.jpg 300w, https:\/\/www.forum-soegel.de\/information\/wp-content\/uploads\/2014\/07\/Spenden\u00fcbergabe-an-das-Kinderhospiz-L\u00f6wenherz-1024x682.jpg 1024w\" sizes=\"auto, (max-width: 300px) 100vw, 300px\" \/><\/a><p id=\"caption-attachment-13849\" class=\"wp-caption-text\">v.l. Dorothe Kuhnke, Anja Herm\u00fchlen, Steffie Olliges und Herr S\u00f6hlke vom Kinderhospiz L\u00f6wenherz<\/p><\/div>\n","protected":false},"excerpt":{"rendered":"S\u00f6gel &#8211; Schmuck und Blume mal anders: Unter diesem Motto fand am 17. Mai ein gelungener Aktionsabend in den R\u00e4umlichkeiten von Blumenkunst Herm\u00fchlen statt. W\u00e4hrend vor der T\u00fcr im Rahmen des Amtsbrunnenfestes gefeiert wurde, konnten sich vor allem die Frauen mit neuer Frisur und frischem Make-Up in angenehmer Atmosph\u00e4re fotografieren lassen und diese Bilder f\u00fcr [&hellip;]\n","protected":false},"author":2,"featured_media":0,"comment_status":"closed","ping_status":"closed","sticky":false,"template":"","format":"standard","meta":{"ngg_post_thumbnail":0,"footnotes":""},"categories":[4],"tags":[],"class_list":["post-13848","post","type-post","status-publish","format-standard","hentry","category-aus-der-geschaftswelt"],"_links":{"self":[{"href":"https:\/\/www.forum-soegel.de\/information\/wp-json\/wp\/v2\/posts\/13848","targetHints":{"allow":["GET"]}}],"collection":[{"href":"https:\/\/www.forum-soegel.de\/information\/wp-json\/wp\/v2\/posts"}],"about":[{"href":"https:\/\/www.forum-soegel.de\/information\/wp-json\/wp\/v2\/types\/post"}],"author":[{"embeddable":true,"href":"https:\/\/www.forum-soegel.de\/information\/wp-json\/wp\/v2\/users\/2"}],"replies":[{"embeddable":true,"href":"https:\/\/www.forum-soegel.de\/information\/wp-json\/wp\/v2\/comments?post=13848"}],"version-history":[{"count":2,"href":"https:\/\/www.forum-soegel.de\/information\/wp-json\/wp\/v2\/posts\/13848\/revisions"}],"predecessor-version":[{"id":13852,"href":"https:\/\/www.forum-soegel.de\/information\/wp-json\/wp\/v2\/posts\/13848\/revisions\/13852"}],"wp:attachment":[{"href":"https:\/\/www.forum-soegel.de\/information\/wp-json\/wp\/v2\/media?parent=13848"}],"wp:term":[{"taxonomy":"category","embeddable":true,"href":"https:\/\/www.forum-soegel.de\/information\/wp-json\/wp\/v2\/categories?post=13848"},{"taxonomy":"post_tag","embeddable":true,"href":"https:\/\/www.forum-soegel.de\/information\/wp-json\/wp\/v2\/tags?post=13848"}],"curies":[{"name":"wp","href":"https:\/\/api.w.org\/{rel}","templated":true}]}}